{"id":7979,"date":"2026-01-06T21:10:07","date_gmt":"2026-01-06T21:10:07","guid":{"rendered":"https:\/\/www.europesays.com\/africa\/7979\/"},"modified":"2026-01-06T21:10:07","modified_gmt":"2026-01-06T21:10:07","slug":"premiere-a-agadir-des-bus-touristiques-a-ciel-ouvert-font-leur-entree-dans-la-capitale-du-souss","status":"publish","type":"post","link":"https:\/\/www.europesays.com\/africa\/7979\/","title":{"rendered":"Premi\u00e8re \u00e0 Agadir: des bus touristiques \u00e0 ciel ouvert font leur entr\u00e9e dans la capitale du Souss"},"content":{"rendered":"<p class=\"default__StyledText-sc-10mj2vp-0 CxBBS body-paragraph\">Pour la premi\u00e8re fois, des bus touristiques \u00e0 ciel ouvert circulent dans les rues d\u2019Agadir. Une initiative in\u00e9dite qui promet d\u2019offrir aux visiteurs une nouvelle mani\u00e8re de d\u00e9couvrir les principaux sites historiques, culturels et baln\u00e9aires de la capitale du Souss.<\/p>\n<p class=\"default__StyledText-sc-10mj2vp-0 CxBBS body-paragraph\">Le projet d\u00e9bute avec deux bus \u00e0 double \u00e9tage import\u00e9s de France, qui desservent actuellement 34 points d\u2019int\u00e9r\u00eat, parmi lesquels Agadir Oufella, la Marina et la M\u00e9dina. \u00abCes bus permettent aux passagers de profiter d\u2019une vue d\u00e9gag\u00e9e sur la ville et le littoral\u00bb, explique Akram El Farsi, ing\u00e9nieur et responsable du projet. <\/p>\n<p class=\"default__StyledText-sc-10mj2vp-0 CxBBS body-paragraph\">Ces deux v\u00e9hicules ne sont cependant que la premi\u00e8re \u00e9tape d\u2019un projet plus ambitieux. Dans les mois \u00e0 venir, cinq nouveaux bus, con\u00e7us sp\u00e9cialement pour la ville, viendront compl\u00e9ter la flotte. Les itin\u00e9raires seront \u00e9tendus vers Aourir, Tamraght et Taghazout, permettant aux visiteurs de suivre un parcours c\u00f4tier continu et de s\u2019immerger pleinement dans les paysages naturels et urbains de la r\u00e9gion.<\/p>\n<p class=\"default__StyledText-sc-10mj2vp-0 CxBBS body-paragraph\">Le service est ouvert \u00e0 tous, avec des tarifs de 25 dirhams pour les enfants, 50 dirhams pour les adultes et 80 dirhams pour les visiteurs \u00e9trangers. Selon El Farsi, il est important que les passagers prennent soin des bus afin de pr\u00e9server cette nouvelle infrastructure pour la ville.<\/p>\n<p class=\"interstitial-link block-margin-bottom\">Lire aussi : <a href=\"https:\/\/fr.le360.ma\/economie\/rabat-2-bus-amphibies-pour-renforcer-lattractivite-touristique-de-la-vallee-du-bouregreg_U2GS23ZP4JCFFJJHJN4STRGBBA\/\" aria-label=\"Ouvrir un article associ\u00e9\" class=\"default__StyledLink-sc-10mj2vp-1 kkYPzd\" rel=\"nofollow noopener\" target=\"_blank\">Rabat: 2 bus amphibies pour renforcer l\u2019attractivit\u00e9 touristique de la vall\u00e9e du Bouregreg<\/a><\/p>\n<p class=\"default__StyledText-sc-10mj2vp-0 CxBBS body-paragraph\">Il pr\u00e9cise que ce projet vise \u00e0 cr\u00e9er des opportunit\u00e9s d\u2019emploi, de valoriser l\u2019image urbaine d\u2019Agadir et de rapprocher les visiteurs de son patrimoine. <\/p>\n<p class=\"default__StyledText-sc-10mj2vp-0 CxBBS body-paragraph\">Au-del\u00e0 des bus \u00e0 ciel ouvert, Agadir dispose d\u2019autres moyens pour d\u00e9couvrir la ville. La capitale du Souss se distingue \u00e0 l\u2019\u00e9chelle nationale gr\u00e2ce \u00e0 son t\u00e9l\u00e9ph\u00e9rique, qui transporte les touristes depuis le bas du mont Agadir Oufella jusqu\u2019\u00e0 la Kasbah. <\/p>\n<p class=\"default__StyledText-sc-10mj2vp-0 CxBBS body-paragraph\">Le parcours traverse une zone bois\u00e9e et d\u00e9voile un panorama sur l\u2019oc\u00e9an Atlantique, le port et la route nationale n\u00b01, avant d\u2019atteindre la Kasbah d\u2019Agadir Oufella, symbole de l\u2019histoire et de la r\u00e9silience de la ville apr\u00e8s le s\u00e9isme de 1960.<\/p>\n<p class=\"interstitial-link block-margin-bottom\">Lire aussi : <a href=\"https:\/\/fr.le360.ma\/tourisme\/agadir-les-touristes-decouvrent-la-ville-sous-un-nouvel-angle-grace-au-telepherique_JSAZIL57GBC5PGBQE5AKNFNGIU\/\" aria-label=\"Ouvrir un article associ\u00e9\" class=\"default__StyledLink-sc-10mj2vp-1 kkYPzd\" rel=\"nofollow noopener\" target=\"_blank\">Agadir: les touristes d\u00e9couvrent la ville sous un nouvel angle gr\u00e2ce au t\u00e9l\u00e9ph\u00e9rique<\/a><\/p>\n<p class=\"default__StyledText-sc-10mj2vp-0 CxBBS body-paragraph\">Des voitures touristiques tract\u00e9es circulent \u00e9galement depuis plusieurs ann\u00e9es, permettant aux visiteurs de parcourir la zone touristique et de rep\u00e9rer les principaux sites.<\/p>\n<p class=\"default__StyledText-sc-10mj2vp-0 CxBBS body-paragraph\">Plus r\u00e9cemment, un parc de bus urbains a \u00e9t\u00e9 mis en service 24 heures sur 24 pour r\u00e9pondre \u00e0 la demande croissante. Le lancement prochain des bus \u00abAmalway\u00bb viendra compl\u00e9ter le r\u00e9seau et faciliter encore davantage l\u2019acc\u00e8s aux principaux sites touristiques de la ville.<\/p>\n<p class=\"default__StyledText-sc-10mj2vp-0 CxBBS body-paragraph\">Toutes ces initiatives s\u2019inscrivent dans le cadre du Programme de d\u00e9veloppement urbain d\u2019Agadir 2020-2024, lanc\u00e9 sous la Haute sollicitude royale. Elles visent \u00e0 moderniser les infrastructures, faciliter la circulation et valoriser le patrimoine local. <\/p>\n<p lang=\"fr\">\u062d\u0627\u0641\u0644\u0627\u062a \u0633\u064a\u0627\u062d\u064a\u0629 \u0645\u0643\u0634\u0648\u0641\u0629 \u062a\u062c\u0648\u0628 \u0634\u0648\u0627\u0631\u0639 \u0627\u0644\u0645\u062f\u064a\u0646\u0629<\/p>\n<p><img loading=\"lazy\" decoding=\"async\" src=\"https:\/\/fr.le360.ma\/pf\/resources\/images\/back.svg?d=289\" width=\"10\" height=\"20\"\/><img loading=\"lazy\" decoding=\"async\" src=\"https:\/\/fr.le360.ma\/pf\/resources\/images\/next.svg?d=289\" width=\"10\" height=\"20\"\/><img loading=\"lazy\" decoding=\"async\" src=\"https:\/\/fr.le360.ma\/pf\/resources\/images\/fullscreen.svg?d=289\" width=\"28\" height=\"28\"\/><img loading=\"lazy\" decoding=\"async\" src=\"https:\/\/fr.le360.ma\/pf\/resources\/images\/pause.svg?d=289\" width=\"30\" height=\"30\"\/><\/p>\n<p class=\"default__StyledText-sc-10mj2vp-0 CxBBS body-paragraph\">Dans un contexte marqu\u00e9 par l\u2019accueil des finales de la Coupe d\u2019Afrique des nations, ces projets permettent \u00e0 la ville de proposer aux visiteurs un tourisme moderne, accessible et complet.<\/p>\n<p class=\"default__StyledText-sc-10mj2vp-0 CxBBS body-paragraph\">Du t\u00e9l\u00e9ph\u00e9rique aux bus \u00e0 ciel ouvert, Agadir offre d\u00e9sormais une exp\u00e9rience touristique compl\u00e8te et diversifi\u00e9e. La capitale du Souss semble bien partie pour s\u2019imposer durablement sur la carte touristique du Maroc et au-del\u00e0.<\/p>\n","protected":false},"excerpt":{"rendered":"Pour la premi\u00e8re fois, des bus touristiques \u00e0 ciel ouvert circulent dans les rues d\u2019Agadir. Une initiative in\u00e9dite&hellip;\n","protected":false},"author":2,"featured_media":7980,"comment_status":"","ping_status":"","sticky":false,"template":"","format":"standard","meta":{"footnotes":""},"categories":[41],"tags":[5574,4462,4846,158,5575,1189],"class_list":{"0":"post-7979","1":"post","2":"type-post","3":"status-publish","4":"format-standard","5":"has-post-thumbnail","7":"category-maroc","8":"tag-agadir","9":"tag-bus","10":"tag-innovation","11":"tag-maroc","12":"tag-souss","13":"tag-tourisme"},"share_on_mastodon":{"url":"","error":""},"_links":{"self":[{"href":"https:\/\/www.europesays.com\/africa\/wp-json\/wp\/v2\/posts\/7979","targetHints":{"allow":["GET"]}}],"collection":[{"href":"https:\/\/www.europesays.com\/africa\/wp-json\/wp\/v2\/posts"}],"about":[{"href":"https:\/\/www.europesays.com\/africa\/wp-json\/wp\/v2\/types\/post"}],"author":[{"embeddable":true,"href":"https:\/\/www.europesays.com\/africa\/wp-json\/wp\/v2\/users\/2"}],"replies":[{"embeddable":true,"href":"https:\/\/www.europesays.com\/africa\/wp-json\/wp\/v2\/comments?post=7979"}],"version-history":[{"count":0,"href":"https:\/\/www.europesays.com\/africa\/wp-json\/wp\/v2\/posts\/7979\/revisions"}],"wp:featuredmedia":[{"embeddable":true,"href":"https:\/\/www.europesays.com\/africa\/wp-json\/wp\/v2\/media\/7980"}],"wp:attachment":[{"href":"https:\/\/www.europesays.com\/africa\/wp-json\/wp\/v2\/media?parent=7979"}],"wp:term":[{"taxonomy":"category","embeddable":true,"href":"https:\/\/www.europesays.com\/africa\/wp-json\/wp\/v2\/categories?post=7979"},{"taxonomy":"post_tag","embeddable":true,"href":"https:\/\/www.europesays.com\/africa\/wp-json\/wp\/v2\/tags?post=7979"}],"curies":[{"name":"wp","href":"https:\/\/api.w.org\/{rel}","templated":true}]}}