{"id":7995,"date":"2026-01-06T21:23:07","date_gmt":"2026-01-06T21:23:07","guid":{"rendered":"https:\/\/www.europesays.com\/africa\/7995\/"},"modified":"2026-01-06T21:23:07","modified_gmt":"2026-01-06T21:23:07","slug":"le-ministre-bamba-cisse-promet-une-lutte-sans-merci-contre-les-agressions-en-arenes","status":"publish","type":"post","link":"https:\/\/www.europesays.com\/africa\/7995\/","title":{"rendered":"le ministre Bamba Ciss\u00e9 promet une lutte sans merci contre les agressions en ar\u00e8nes"},"content":{"rendered":"<p class=\"firstp\">Le ministre de l\u2019Int\u00e9rieur et de la S\u00e9curit\u00e9 publique, Me Bamba Ciss\u00e9, a r\u00e9affirm\u00e9 mardi sa d\u00e9termination \u00e0 mettre fin au ph\u00e9nom\u00e8ne de \u00ab\u202fsimol\u202f\u00bb, ces agressions et vols en groupe qui surviennent lors des combats de lutte et des face-\u00e0-face entre lutteurs.<\/p>\n<p>Selon lui, ces incidents mettent en danger les spectateurs et ternissent l\u2019image des ar\u00e8nes de lutte au S\u00e9n\u00e9gal.\n<\/p>\n<p>Lors d\u2019une conf\u00e9rence \u00e0 l\u2019Institut de D\u00e9fense du S\u00e9n\u00e9gal (IDS), Me Ciss\u00e9 a insist\u00e9 sur la n\u00e9cessit\u00e9 d\u2019une r\u00e9action rapide et ferme. \u00ab\u202fIl est inacceptable que des citoyens soient agress\u00e9s apr\u00e8s les combats. Les auteurs de simol doivent \u00eatre identifi\u00e9s et sanctionn\u00e9s sans d\u00e9lai\u202f\u00bb, a-t-il d\u00e9clar\u00e9.\n<\/p>\n<p>Le ministre a donn\u00e9 des instructions au gouverneur de Dakar pour r\u00e9unir tous les acteurs du monde de la lutte \u2014 promoteurs, lutteurs, managers, fan-clubs et communicateurs traditionnels \u2014 afin de mettre en place des mesures concr\u00e8tes de pr\u00e9vention et de s\u00e9curit\u00e9.\n<\/p>\n<p>Me Bamba Ciss\u00e9 a \u00e9galement annonc\u00e9 le lancement d\u2019une enqu\u00eate approfondie sur les incidents r\u00e9cents, tout en mobilisant les forces de l\u2019ordre pour assurer la protection des spectateurs. \u00ab\u202fLa s\u00e9curit\u00e9 des citoyens prime sur tout. Nous ne pouvons pas laisser le simol se d\u00e9velopper\u202f\u00bb, a-t-il insist\u00e9.<\/p>\n<p>Enfin, le ministre a \u00e9voqu\u00e9 l\u2019id\u00e9e de cr\u00e9er un m\u00e9canisme de responsabilisation des acteurs et du public, afin de limiter les d\u00e9bordements et garantir des ar\u00e8nes de lutte s\u00fbres pour tous.<\/p>\n","protected":false},"excerpt":{"rendered":"Le ministre de l\u2019Int\u00e9rieur et de la S\u00e9curit\u00e9 publique, Me Bamba Ciss\u00e9, a r\u00e9affirm\u00e9 mardi sa d\u00e9termination \u00e0&hellip;\n","protected":false},"author":2,"featured_media":7996,"comment_status":"","ping_status":"","sticky":false,"template":"","format":"standard","meta":{"footnotes":""},"categories":[48],"tags":[5599,3509,159,163,481,5600,239],"class_list":{"0":"post-7995","1":"post","2":"type-post","3":"status-publish","4":"format-standard","5":"has-post-thumbnail","7":"category-senegal","8":"tag-lamb","9":"tag-me-bamba-cisse","10":"tag-senegal","11":"tag-senegal-actualites","12":"tag-senenews-sport","13":"tag-simol","14":"tag-societe"},"share_on_mastodon":{"url":"","error":""},"_links":{"self":[{"href":"https:\/\/www.europesays.com\/africa\/wp-json\/wp\/v2\/posts\/7995","targetHints":{"allow":["GET"]}}],"collection":[{"href":"https:\/\/www.europesays.com\/africa\/wp-json\/wp\/v2\/posts"}],"about":[{"href":"https:\/\/www.europesays.com\/africa\/wp-json\/wp\/v2\/types\/post"}],"author":[{"embeddable":true,"href":"https:\/\/www.europesays.com\/africa\/wp-json\/wp\/v2\/users\/2"}],"replies":[{"embeddable":true,"href":"https:\/\/www.europesays.com\/africa\/wp-json\/wp\/v2\/comments?post=7995"}],"version-history":[{"count":0,"href":"https:\/\/www.europesays.com\/africa\/wp-json\/wp\/v2\/posts\/7995\/revisions"}],"wp:featuredmedia":[{"embeddable":true,"href":"https:\/\/www.europesays.com\/africa\/wp-json\/wp\/v2\/media\/7996"}],"wp:attachment":[{"href":"https:\/\/www.europesays.com\/africa\/wp-json\/wp\/v2\/media?parent=7995"}],"wp:term":[{"taxonomy":"category","embeddable":true,"href":"https:\/\/www.europesays.com\/africa\/wp-json\/wp\/v2\/categories?post=7995"},{"taxonomy":"post_tag","embeddable":true,"href":"https:\/\/www.europesays.com\/africa\/wp-json\/wp\/v2\/tags?post=7995"}],"curies":[{"name":"wp","href":"https:\/\/api.w.org\/{rel}","templated":true}]}}