{"id":8025,"date":"2026-01-06T21:49:29","date_gmt":"2026-01-06T21:49:29","guid":{"rendered":"https:\/\/www.europesays.com\/africa\/8025\/"},"modified":"2026-01-06T21:49:29","modified_gmt":"2026-01-06T21:49:29","slug":"can-2025-maroc-algerie-senegal-nigeria-le-tableau-complet-des-quarts-de-finale-de-la-coupe-dafrique-avec-toutes-les-affiches","status":"publish","type":"post","link":"https:\/\/www.europesays.com\/africa\/8025\/","title":{"rendered":"CAN 2025: Maroc, Alg\u00e9rie, S\u00e9n\u00e9gal, Nigeria\u2026 Le tableau complet des quarts de finale de la Coupe d&#8217;Afrique avec toutes les affiches"},"content":{"rendered":"<p class=\"mb-4 text-lg md:leading-8 break-words\">Malgr\u00e9 un match assez poussif, <a href=\"https:\/\/fr.news.yahoo.com\/sport\/alg%C3%A9rie-rd-congo-coup-dur-191918751.html\" data-ylk=\"slk:l\u2019Alg\u00e9rie;elm:context_link;itc:0;sec:content-canvas;outcm:mb_qualified_link;_E:mb_qualified_link;ct:story;\" class=\"link  yahoo-link\" rel=\"nofollow noopener\" target=\"_blank\">l\u2019Alg\u00e9rie<\/a> a fini par venir \u00e0 bout de la R\u00e9publique d\u00e9mocratique du Congo ce mardi, au bout de la prolongation gr\u00e2ce \u00e0 un <a href=\"https:\/\/rmcsport.bfmtv.com\/football\/coupe-d-afrique-des-nations\/direct-algerie-rd-congo-suivez-en-live-le-choc-des-huitiemes-de-finale-de-la-can-2025_LS-202601060503.html\" rel=\"nofollow noopener\" target=\"_blank\" data-ylk=\"slk:but d\u2019Adil Boulbina;elm:context_link;itc:0;sec:content-canvas\" class=\"link \">but d\u2019Adil Boulbina<\/a> (1-0, a.p.) alors que la C\u00f4te d&#8217;Ivoire a elle domin\u00e9<a href=\"https:\/\/rmcsport.bfmtv.com\/football\/coupe-d-afrique-des-nations\/direct-cote-d-ivoire-burkina-faso-suivez-le-8e-de-finale-de-la-can-2025-en-live_LS-202601060670.html\" rel=\"nofollow noopener\" target=\"_blank\" data-ylk=\"slk:le Burkina Faso (3-0);elm:context_link;itc:0;sec:content-canvas\" class=\"link \"> le Burkina Faso (3-0)<\/a> dans le temps r\u00e9glementaire pour boucler les huiti\u00e8mes de finale.<\/p>\n<p class=\"mb-4 text-lg md:leading-8 break-words\">Qualifi\u00e9s pour les quarts, les Fennecs et les \u00c9l\u00e9phants viennent compl\u00e9ter un tableau particuli\u00e8rement relev\u00e9, tous les favoris de cette CAN 2025 disput\u00e9e au Maroc restant en lice. Si la bataille pour le dernier carr\u00e9 ne d\u00e9butera que vendredi, elle s\u2019annonce intense avec quatre grosses affiches en perspective.<\/p>\n<p>Des matchs de prestige \u00e0 suivre pendant la CAN<\/p>\n<p class=\"mb-4 text-lg md:leading-8 break-words\">Imp\u00e9rial depuis le d\u00e9but du tournoi continental, le S\u00e9n\u00e9gal ouvrira le bal face au Mali d\u00e8s vendredi (17h) \u00e0 Tanger. Dans la foul\u00e9e de cette premi\u00e8re rencontre, le pays h\u00f4te disputera son match devant un public chauff\u00e9 \u00e0 blanc \u00e0 Rabat.<\/p>\n<p class=\"mb-4 text-lg md:leading-8 break-words\">Mais attention, malgr\u00e9 le joli retour d\u2019<a href=\"https:\/\/rmcsport.bfmtv.com\/football\/achraf-hakimi_DN-202508100323.html\" rel=\"nofollow noopener\" target=\"_blank\" data-ylk=\"slk:Achraf Hakimi;elm:context_link;itc:0;sec:content-canvas\" class=\"link \">Achraf Hakimi<\/a>, le Maroc devra se m\u00e9fier de Camerounais en mission lors de cette CAN.<\/p>\n<p class=\"mb-4 text-lg md:leading-8 break-words\">Le lendemain, place \u00e0 un quart de finale haletant entre le Nigeria et l\u2019Alg\u00e9rie de <a href=\"https:\/\/rmcsport.bfmtv.com\/football\/riyad-mahrez_DN-202108310567.html\" rel=\"nofollow noopener\" target=\"_blank\" data-ylk=\"slk:Riyad Mahrez;elm:context_link;itc:0;sec:content-canvas\" class=\"link \">Riyad Mahrez<\/a> \u00e0 Marrakech (17h). Un duel aux allures de finale avant l\u2019heure entre deux \u00e9quipes solides.<\/p>\n<p class=\"mb-4 text-lg md:leading-8 break-words\">Le dernier choc au programme de ces quarts, et non des moindres, verra les Pharaons et leur star <a href=\"https:\/\/fr.news.yahoo.com\/sport\/can-2025-l-%C3%A9quipe-type-112219023.html\" data-ylk=\"slk:Mohamed Salah;elm:context_link;itc:0;sec:content-canvas;outcm:mb_qualified_link;_E:mb_qualified_link;ct:story;\" class=\"link  yahoo-link\" rel=\"nofollow noopener\" target=\"_blank\">Mohamed Salah<\/a> tenter de s\u2019offrir un billet pour les demies, contre les Ivoiriens. L\u00e0 encore, la promesse d\u2019un beau spectacle.<\/p>\n<p>Les matchs et les horaires des quarts de finale de la CAN 2025 :<\/p>\n<p class=\"mb-4 text-lg md:leading-8 break-words\">Mali contre S\u00e9n\u00e9gal (vendredi 9 janvier, 17h)<\/p>\n<p class=\"mb-4 text-lg md:leading-8 break-words\">Cameroun contre Maroc (vendredi 9 janvier, 20h)<\/p>\n<p class=\"mb-4 text-lg md:leading-8 break-words\">Alg\u00e9rie contre Nigeria (samedi 10 janvier, 17h)<\/p>\n<p class=\"mb-4 text-lg md:leading-8 break-words\">\u00c9gypte contre C\u00f4te d&#8217;Ivoire (samedi 10 janvier, 20h)<\/p>\n<p class=\"mb-4 text-lg md:leading-8 break-words\">Les quarts de finale de la CAN 2025 seront disput\u00e9s au Maroc les 9 et 10 janvier 2026. La finale se d\u00e9roulera le 18 janvier 2026.<\/p>\n<p class=\"mb-4 text-lg md:leading-8 break-words\"><a href=\"https:\/\/rmcsport.bfmtv.com\/football\/coupe-d-afrique-des-nations\/can-2025-maroc-algerie-senegal-nigeria-le-tableau-complet-des-quarts-de-finale-de-la-coupe-d-afrique-avec-toutes-les-affiches_AV-202601060754.html#xtor=AL-68\" rel=\"nofollow noopener\" target=\"_blank\" data-ylk=\"slk:Article original publi\u00e9 sur RMC Sport;elm:context_link;itc:0;sec:content-canvas\" class=\"link \">Article original publi\u00e9 sur RMC Sport<\/a><\/p>\n","protected":false},"excerpt":{"rendered":"Malgr\u00e9 un match assez poussif, l\u2019Alg\u00e9rie a fini par venir \u00e0 bout de la R\u00e9publique d\u00e9mocratique du Congo&hellip;\n","protected":false},"author":2,"featured_media":8026,"comment_status":"","ping_status":"","sticky":false,"template":"","format":"standard","meta":{"footnotes":""},"categories":[62],"tags":[64,4630,5633,158,4352,2077,5038],"class_list":{"0":"post-8025","1":"post","2":"type-post","3":"status-publish","4":"format-standard","5":"has-post-thumbnail","7":"category-afrique","8":"tag-afrique","9":"tag-finale","10":"tag-les-elephants","11":"tag-maroc","12":"tag-mohamed-salah","13":"tag-quarts-de-finale","14":"tag-republique-democratique-du-congo"},"share_on_mastodon":{"url":"","error":""},"_links":{"self":[{"href":"https:\/\/www.europesays.com\/africa\/wp-json\/wp\/v2\/posts\/8025","targetHints":{"allow":["GET"]}}],"collection":[{"href":"https:\/\/www.europesays.com\/africa\/wp-json\/wp\/v2\/posts"}],"about":[{"href":"https:\/\/www.europesays.com\/africa\/wp-json\/wp\/v2\/types\/post"}],"author":[{"embeddable":true,"href":"https:\/\/www.europesays.com\/africa\/wp-json\/wp\/v2\/users\/2"}],"replies":[{"embeddable":true,"href":"https:\/\/www.europesays.com\/africa\/wp-json\/wp\/v2\/comments?post=8025"}],"version-history":[{"count":0,"href":"https:\/\/www.europesays.com\/africa\/wp-json\/wp\/v2\/posts\/8025\/revisions"}],"wp:featuredmedia":[{"embeddable":true,"href":"https:\/\/www.europesays.com\/africa\/wp-json\/wp\/v2\/media\/8026"}],"wp:attachment":[{"href":"https:\/\/www.europesays.com\/africa\/wp-json\/wp\/v2\/media?parent=8025"}],"wp:term":[{"taxonomy":"category","embeddable":true,"href":"https:\/\/www.europesays.com\/africa\/wp-json\/wp\/v2\/categories?post=8025"},{"taxonomy":"post_tag","embeddable":true,"href":"https:\/\/www.europesays.com\/africa\/wp-json\/wp\/v2\/tags?post=8025"}],"curies":[{"name":"wp","href":"https:\/\/api.w.org\/{rel}","templated":true}]}}