{"id":8047,"date":"2026-01-06T22:05:08","date_gmt":"2026-01-06T22:05:08","guid":{"rendered":"https:\/\/www.europesays.com\/africa\/8047\/"},"modified":"2026-01-06T22:05:08","modified_gmt":"2026-01-06T22:05:08","slug":"can-2025-le-tableau-complet-des-quarts-de-finale-avec-un-potentiel-maroc-algerie-en-demies","status":"publish","type":"post","link":"https:\/\/www.europesays.com\/africa\/8047\/","title":{"rendered":"CAN 2025\u00a0: le tableau complet des quarts de finale avec un potentiel Maroc-Alg\u00e9rie en demies"},"content":{"rendered":"<p class=\"paragraph text_align_left lp-f-body-02\">Il ne manquait plus que la C\u00f4te d\u2019Ivoire. Ce mardi, les \u00c9l\u00e9phants ont dompt\u00e9 le Burkina Faso (3-0) pour devenir la derni\u00e8re nation \u00e0 s\u2019inviter au sein du \u00ab Final 8 \u00bb de la <a href=\"https:\/\/www.leparisien.fr\/sports\/football\/coupe-d-afrique-des-nations\/\" target=\"_self\" rel=\"nofollow noopener\">Coupe d\u2019Afrique des nations 2025<\/a>. Plus t\u00f4t, l\u2019<a href=\"https:\/\/www.leparisien.fr\/sports\/football\/algerie\/\" target=\"_self\" rel=\"nofollow noopener\">Alg\u00e9rie<\/a> avait domin\u00e9 la R\u00e9publique d\u00e9mocratique du Congo <a href=\"https:\/\/www.leparisien.fr\/sports\/football\/coupe-d-afrique-des-nations\/algerie-rd-congo-juste-entre-en-jeu-boulbina-envoie-les-fennecs-en-quarts-de-finale-dune-frappe-exceptionnelle-en-fin-de-prolongation-06-01-2026-IWJAEW35FFGPFBH4GHMUNTF56I.php\" target=\"_self\" rel=\"nofollow noopener\">en huiti\u00e8mes de finale (1-0, a.p.)<\/a>. L\u2019identit\u00e9 des huit \u00e9quipes encore en lice est d\u00e9sormais connue.<\/p>\n<p class=\"\">Les deux qualifi\u00e9s du jour rejoignent ainsi le <a href=\"https:\/\/www.leparisien.fr\/sports\/football\/mali\/\" target=\"_self\" rel=\"nofollow noopener\">Mali<\/a>, le <a href=\"https:\/\/www.leparisien.fr\/sports\/football\/senegal\/\" target=\"_self\" rel=\"nofollow noopener\">S\u00e9n\u00e9gal<\/a>, le <a href=\"https:\/\/www.leparisien.fr\/sports\/football\/cameroun\/\" target=\"_self\" rel=\"nofollow noopener\">Cameroun<\/a>, le <a href=\"https:\/\/www.leparisien.fr\/sports\/football\/maroc\/\" target=\"_self\" rel=\"nofollow noopener\">Maroc<\/a>, l\u2019<a href=\"https:\/\/www.leparisien.fr\/sports\/football\/egypte\/\" target=\"_self\" rel=\"nofollow noopener\">\u00c9gypte<\/a> et le Nigeria. Pour l\u2019heure, ce n\u2019est pas la CAN des surprises. La hi\u00e9rarchie internationale a \u00e9t\u00e9 respect\u00e9e lors des huiti\u00e8mes de finale, o\u00f9 quelques formations moins attendues \u00e9taient parvenues \u00e0 se glisser.<\/p>\n<p><img decoding=\"async\" class=\"image \" loading=\"lazy\" src=\"https:\/\/www.europesays.com\/africa\/wp-content\/uploads\/2026\/01\/7DU4E7UUIRFADAABR4EOXEJESM.jpg\" alt=\"\" align=\"\" data-rubrique-principale=\"\" data-article-type=\"\" fetchpriority=\"auto\"\/><\/p>\n<p class=\"\">Mais les Super Eagles ou les Lions s\u00e9n\u00e9galais ont fait forte impression, tandis que le Mali, le Maroc ou <a href=\"https:\/\/www.leparisien.fr\/sports\/football\/coupe-d-afrique-des-nations\/egypte-benin-3-1-ap-pousses-en-prolongation-les-pharaons-retrouvent-peniblement-les-quarts-de-la-can-05-01-2026-ZSNIVMCEFNAZ7DX2JATI4BD3QI.php\" target=\"_self\" rel=\"nofollow noopener\">l\u2019\u00c9gypte s\u2019en sont sortis bien plus p\u00e9niblement<\/a>. Apr\u00e8s deux jours de calme, la f\u00eate reprendra vendredi soir avec deux affiches. Les Maliens ont rendez-vous avec le S\u00e9n\u00e9gal d\u00e8s 17 heures au Stade Ibn-Batouta de Tanger.<\/p>\n<p>Vers une demi-finale Maroc-Alg\u00e9rie ?<\/p>\n<p class=\"\">Les h\u00f4tes marocains seront, eux, \u00e0 Rabat sur la pelouse du Stade Prince Moulay Abdallah face au Cameroun, \u00e0 20 heures. Le lendemain, les Nig\u00e9rians d\u00e9fieront les Fennecs (17 heures). Enfin, les Pharaons affronteront le champion en titre ivoirien \u00e0 20 heures.<\/p>\n<p class=\"\">Ces quarts sont d\u00e9j\u00e0 app\u00e9tissants, mais le dernier carr\u00e9 pourrait \u00eatre grandiose avec une partie de tableau compos\u00e9e du Maroc, pays organisateur et favori au d\u00e9part de la comp\u00e9tition, le Cameroun, ses remous et son rajeunissement r\u00e9ussi, le Nigeria, formation la plus impressionnante depuis le d\u00e9but du tournoi et l\u2019Alg\u00e9rie, munie de ses individualit\u00e9s capables de tout renverser.<\/p>\n<p class=\"\">Si les Fennecs passent l\u2019imposant obstacle des Super Eagles et que les Lions de l\u2019Atlas triomphent des Lions indomptables, un retentissant choc Maroc-Alg\u00e9rie attend les suiveurs de la CAN en demi-finales.<\/p>\n","protected":false},"excerpt":{"rendered":"Il ne manquait plus que la C\u00f4te d\u2019Ivoire. Ce mardi, les \u00c9l\u00e9phants ont dompt\u00e9 le Burkina Faso (3-0)&hellip;\n","protected":false},"author":2,"featured_media":8048,"comment_status":"","ping_status":"","sticky":false,"template":"","format":"standard","meta":{"footnotes":""},"categories":[254],"tags":[255,360,311,264],"class_list":{"0":"post-8047","1":"post","2":"type-post","3":"status-publish","4":"format-standard","5":"has-post-thumbnail","7":"category-algerie","8":"tag-algerie","9":"tag-can","10":"tag-football","11":"tag-sports"},"share_on_mastodon":{"url":"","error":""},"_links":{"self":[{"href":"https:\/\/www.europesays.com\/africa\/wp-json\/wp\/v2\/posts\/8047","targetHints":{"allow":["GET"]}}],"collection":[{"href":"https:\/\/www.europesays.com\/africa\/wp-json\/wp\/v2\/posts"}],"about":[{"href":"https:\/\/www.europesays.com\/africa\/wp-json\/wp\/v2\/types\/post"}],"author":[{"embeddable":true,"href":"https:\/\/www.europesays.com\/africa\/wp-json\/wp\/v2\/users\/2"}],"replies":[{"embeddable":true,"href":"https:\/\/www.europesays.com\/africa\/wp-json\/wp\/v2\/comments?post=8047"}],"version-history":[{"count":0,"href":"https:\/\/www.europesays.com\/africa\/wp-json\/wp\/v2\/posts\/8047\/revisions"}],"wp:featuredmedia":[{"embeddable":true,"href":"https:\/\/www.europesays.com\/africa\/wp-json\/wp\/v2\/media\/8048"}],"wp:attachment":[{"href":"https:\/\/www.europesays.com\/africa\/wp-json\/wp\/v2\/media?parent=8047"}],"wp:term":[{"taxonomy":"category","embeddable":true,"href":"https:\/\/www.europesays.com\/africa\/wp-json\/wp\/v2\/categories?post=8047"},{"taxonomy":"post_tag","embeddable":true,"href":"https:\/\/www.europesays.com\/africa\/wp-json\/wp\/v2\/tags?post=8047"}],"curies":[{"name":"wp","href":"https:\/\/api.w.org\/{rel}","templated":true}]}}