{"id":806,"date":"2026-01-03T17:15:10","date_gmt":"2026-01-03T17:15:10","guid":{"rendered":"https:\/\/www.europesays.com\/africa\/806\/"},"modified":"2026-01-03T17:15:10","modified_gmt":"2026-01-03T17:15:10","slug":"afrique-can-maroc-2025-entre-favori-et-outsider-senegal-et-soudan-jouent-leur-avenir-a-tanger","status":"publish","type":"post","link":"https:\/\/www.europesays.com\/africa\/806\/","title":{"rendered":"Afrique: CAN Maroc 2025 &#8211; Entre favori et outsider, S\u00e9n\u00e9gal et Soudan jouent leur avenir \u00e0 Tanger"},"content":{"rendered":"<p class=\"story-body-text\" data-para-word-count=\"47\">Le S\u00e9n\u00e9gal et le Soudan s\u2019affrontent ce\u00a0samedi 3 janvier 2026 \u00e0 16h GMT, au\u00a0stade Ibn-Battuta de Tanger, en ouverture des huiti\u00e8mes de finale de la\u00a0Coupe d\u2019Afrique des nations (CAN) Maroc 2025. Une rencontre \u00e0 \u00e9limination directe qui d\u00e9terminera la premi\u00e8re \u00e9quipe qualifi\u00e9e pour les quarts de finale.<\/p>\n<p class=\"story-body-text\" data-para-word-count=\"8\">Deux s\u00e9lections confiantes \u00e0 la veille du match<\/p>\n<p class=\"story-body-text\" data-para-word-count=\"51\">\u00c0 la veille de cette confrontation, les deux \u00e9quipes affichent s\u00e9r\u00e9nit\u00e9 et d\u00e9termination. La s\u00e9lection soudanaise s\u2019est entra\u00een\u00e9e vendredi \u00e0 Tanger dans une atmosph\u00e8re jug\u00e9e positive au sein du groupe. Les Faucons s\u2019appr\u00eatent ainsi \u00e0 d\u00e9fier une \u00e9quipe s\u00e9n\u00e9galaise qui assume pleinement son statut de favorite dans cette\u00a035\u1d49 \u00e9dition\u00a0de la CAN.<\/p>\n<p class=\"story-body-text\" data-para-word-count=\"6\">Parcours contrast\u00e9s en phase de groupes<\/p>\n<p class=\"story-body-text\" style=\"text-align: center;\">\n<p>Suivez-nous sur <a href=\"https:\/\/whatsapp.com\/channel\/0029Vae09IP4inotqC0BUQ2V\" target=\"_blank\" rel=\"nofollow noopener\">WhatsApp<\/a> | <a href=\"https:\/\/www.linkedin.com\/company\/allafrica\/\" target=\"_blank\" rel=\"nofollow noopener\">LinkedIn<\/a> pour les derniers titres<\/p>\n<p class=\"story-body-text\" data-para-word-count=\"39\">Le Soudan a termin\u00e9\u00a0troisi\u00e8me du groupe E. Battus lors de leurs deux premi\u00e8res rencontres par l\u2019Alg\u00e9rie et le Burkina Faso, les Soudanais ont relanc\u00e9 leurs chances en s\u2019imposant face \u00e0 la Guin\u00e9e \u00e9quatoriale lors de leur\u00a0dernier match de groupe.<\/p>\n<p class=\"story-body-text\" data-para-word-count=\"31\">Vainqueur de la CAN en\u00a01970, le Soudan n\u2019a d\u00e9pass\u00e9 la phase de groupes qu\u2019une seule fois depuis, en\u00a02012, atteignant alors les quarts de finale. Il n\u2019a\u00a0jamais battu le S\u00e9n\u00e9gal\u00a0en comp\u00e9tition officielle.<\/p>\n<p class=\"story-body-text\" data-para-word-count=\"39\">De son c\u00f4t\u00e9, le S\u00e9n\u00e9gal,\u00a0champion d\u2019Afrique 2021, a termin\u00e9 la phase de groupes\u00a0invaincu. Les Lions ont enregistr\u00e9 deux victoires face au Botswana et au B\u00e9nin, avant de conc\u00e9der un match nul contre la\u00a0R\u00e9publique d\u00e9mocratique du Congo\u00a0dans le groupe D.<\/p>\n<p class=\"story-body-text\" data-para-word-count=\"8\">Pr\u00e9paration compl\u00e8te du S\u00e9n\u00e9gal malgr\u00e9 une absence notable<\/p>\n<p class=\"story-body-text\" data-para-word-count=\"33\">Vendredi, l\u2019\u00e9quipe nationale du S\u00e9n\u00e9gal s\u2019est entra\u00een\u00e9e au complet sur le terrain annexe du stade Ibn-Battuta.\u00a0Illiman Ndiaye\u00a0et\u00a0Lamine Camara, touch\u00e9s lors du dernier match de poule, ont pris part normalement \u00e0 la s\u00e9ance collective.<\/p>\n<p class=\"story-body-text\" data-para-word-count=\"37\">En revanche, les Lions devront composer\u00a0sans leur capitaine Kalidou Koulibaly, suspendu apr\u00e8s son expulsion lors de la derni\u00e8re rencontre. Le groupe a n\u00e9anmoins affich\u00e9 son soutien au d\u00e9fenseur central et sa d\u00e9termination \u00e0 d\u00e9fendre les couleurs nationales.<\/p>\n<p class=\"story-body-text\" data-para-word-count=\"5\">Les Lions concentr\u00e9s sur l\u2019objectif<\/p>\n<p class=\"story-body-text\" data-para-word-count=\"12\">Interrog\u00e9 avant l\u2019entra\u00eenement, Illiman Ndiaye a soulign\u00e9 l\u2019\u00e9tat d\u2019esprit du groupe :<\/p>\n<p class=\"story-body-text\" data-para-word-count=\"39\">\u00ab Nous sommes dans un tr\u00e8s bon \u00e9tat d\u2019esprit. Nous allons aborder ce match comme depuis le d\u00e9but de la comp\u00e9tition. Ce sera une rencontre difficile. Nous connaissons bien le Soudan et nous allons tout faire pour gagner. \u00bb<\/p>\n<p class=\"story-body-text\" data-para-word-count=\"13\">De son c\u00f4t\u00e9,\u00a0Pape Gu\u00e8ye\u00a0a insist\u00e9 sur l\u2019enjeu d\u2019un match \u00e0 \u00e9limination directe :<\/p>\n<p class=\"story-body-text\" data-para-word-count=\"27\">\u00ab C\u2019est un match couperet. Nous devons rester concentr\u00e9s et gagner. Le plus important est de se focaliser sur nous et d\u2019appliquer les consignes du coach. \u00bb<\/p>\n<p class=\"story-body-text\" data-para-word-count=\"18\">Le vainqueur de cette rencontre affrontera\u00a0le Mali ou la Tunisie\u00a0en quarts de finale,\u00a0vendredi 9 janvier, toujours \u00e0 Tanger.<\/p>\n","protected":false},"excerpt":{"rendered":"Le S\u00e9n\u00e9gal et le Soudan s\u2019affrontent ce\u00a0samedi 3 janvier 2026 \u00e0 16h GMT, au\u00a0stade Ibn-Battuta de Tanger, en&hellip;\n","protected":false},"author":2,"featured_media":558,"comment_status":"","ping_status":"","sticky":false,"template":"","format":"standard","meta":{"footnotes":""},"categories":[62],"tags":[63,64,83,265,321,262,165,96,322,261,159,323,310,264,324,263,266,325],"class_list":{"0":"post-806","1":"post","2":"type-post","3":"status-publish","4":"format-standard","5":"has-post-thumbnail","7":"category-afrique","8":"tag-africa","9":"tag-afrique","10":"tag-business","11":"tag-current-events","12":"tag-east-africa","13":"tag-economy","14":"tag-morocco","15":"tag-news","16":"tag-north-africa","17":"tag-politics","18":"tag-senegal","19":"tag-soccer","20":"tag-sport","21":"tag-sports","22":"tag-sudan","23":"tag-trade","24":"tag-travel","25":"tag-west-africa"},"share_on_mastodon":{"url":"","error":""},"_links":{"self":[{"href":"https:\/\/www.europesays.com\/africa\/wp-json\/wp\/v2\/posts\/806","targetHints":{"allow":["GET"]}}],"collection":[{"href":"https:\/\/www.europesays.com\/africa\/wp-json\/wp\/v2\/posts"}],"about":[{"href":"https:\/\/www.europesays.com\/africa\/wp-json\/wp\/v2\/types\/post"}],"author":[{"embeddable":true,"href":"https:\/\/www.europesays.com\/africa\/wp-json\/wp\/v2\/users\/2"}],"replies":[{"embeddable":true,"href":"https:\/\/www.europesays.com\/africa\/wp-json\/wp\/v2\/comments?post=806"}],"version-history":[{"count":0,"href":"https:\/\/www.europesays.com\/africa\/wp-json\/wp\/v2\/posts\/806\/revisions"}],"wp:featuredmedia":[{"embeddable":true,"href":"https:\/\/www.europesays.com\/africa\/wp-json\/wp\/v2\/media\/558"}],"wp:attachment":[{"href":"https:\/\/www.europesays.com\/africa\/wp-json\/wp\/v2\/media?parent=806"}],"wp:term":[{"taxonomy":"category","embeddable":true,"href":"https:\/\/www.europesays.com\/africa\/wp-json\/wp\/v2\/categories?post=806"},{"taxonomy":"post_tag","embeddable":true,"href":"https:\/\/www.europesays.com\/africa\/wp-json\/wp\/v2\/tags?post=806"}],"curies":[{"name":"wp","href":"https:\/\/api.w.org\/{rel}","templated":true}]}}