{"id":8088,"date":"2026-01-06T22:34:06","date_gmt":"2026-01-06T22:34:06","guid":{"rendered":"https:\/\/www.europesays.com\/africa\/8088\/"},"modified":"2026-01-06T22:34:06","modified_gmt":"2026-01-06T22:34:06","slug":"pluie-fine-possible-dans-plusieurs-regions-du-senegal","status":"publish","type":"post","link":"https:\/\/www.europesays.com\/africa\/8088\/","title":{"rendered":"pluie fine possible dans plusieurs r\u00e9gions du S\u00e9n\u00e9gal"},"content":{"rendered":"<p class=\"firstp\">Selon les pr\u00e9visions de La <a href=\"https:\/\/www.senenews.com\/actualites\/meteo-soleil-dominant-chaleur-moderee-a-linterieur-et-poussiere-en-suspension-annone-lanacim_569581.html\" rel=\"nofollow noopener\" target=\"_blank\">M\u00e9t\u00e9o<\/a> de Riad, des gouttes de pluie et de fines pr\u00e9cipitations localis\u00e9es sont attendues dans plusieurs zones du S\u00e9n\u00e9gal, notamment dans la soir\u00e9e et la nuit allant jusqu\u2019au matin du mardi 7 janvier 2026.<\/p>\n<p>Dans les r\u00e9gions de Dakar et de la Petite-C\u00f4te, le ciel devrait rester majoritairement nuageux. Des gouttes de pluie par endroits sont possibles entre l\u2019apr\u00e8s-midi et la nuit prochaine. Le vent soufflera tout au long de la journ\u00e9e sur Dakar, avec des rafales pouvant atteindre 35 \u00e0 40 km\/h, tandis qu\u2019il sera mod\u00e9r\u00e9 sur la Petite-C\u00f4te, avec des rafales estim\u00e9es autour de 25 km\/h par moments.<br \/>Les temp\u00e9ratures maximales ressenties aux heures les plus chaudes de l\u2019apr\u00e8s-midi sont pr\u00e9cis\u00e9es sur la carte jointe par le service m\u00e9t\u00e9orologique.\n<\/p>\n<p>Dans les autres r\u00e9gions du S\u00e9n\u00e9gal, des passages nuageux assez fr\u00e9quents sont \u00e9galement annonc\u00e9s, masquant r\u00e9guli\u00e8rement le soleil. Des gouttes ou de fines pluies isol\u00e9es pourraient survenir de mani\u00e8re al\u00e9atoire, entre la journ\u00e9e et la nuit prochaine, selon les zones.<br \/>Le vent restera mod\u00e9r\u00e9 et agr\u00e9able sur l\u2019ensemble du pays, contribuant \u00e0 une l\u00e9g\u00e8re baisse des temp\u00e9ratures maximales par rapport aux journ\u00e9es pr\u00e9c\u00e9dentes.<\/p>\n","protected":false},"excerpt":{"rendered":"Selon les pr\u00e9visions de La M\u00e9t\u00e9o de Riad, des gouttes de pluie et de fines pr\u00e9cipitations localis\u00e9es sont&hellip;\n","protected":false},"author":2,"featured_media":8089,"comment_status":"","ping_status":"","sticky":false,"template":"","format":"standard","meta":{"footnotes":""},"categories":[48],"tags":[2148,393,159,163,239],"class_list":{"0":"post-8088","1":"post","2":"type-post","3":"status-publish","4":"format-standard","5":"has-post-thumbnail","7":"category-senegal","8":"tag-meteo","9":"tag-pluies","10":"tag-senegal","11":"tag-senegal-actualites","12":"tag-societe"},"share_on_mastodon":{"url":"","error":""},"_links":{"self":[{"href":"https:\/\/www.europesays.com\/africa\/wp-json\/wp\/v2\/posts\/8088","targetHints":{"allow":["GET"]}}],"collection":[{"href":"https:\/\/www.europesays.com\/africa\/wp-json\/wp\/v2\/posts"}],"about":[{"href":"https:\/\/www.europesays.com\/africa\/wp-json\/wp\/v2\/types\/post"}],"author":[{"embeddable":true,"href":"https:\/\/www.europesays.com\/africa\/wp-json\/wp\/v2\/users\/2"}],"replies":[{"embeddable":true,"href":"https:\/\/www.europesays.com\/africa\/wp-json\/wp\/v2\/comments?post=8088"}],"version-history":[{"count":0,"href":"https:\/\/www.europesays.com\/africa\/wp-json\/wp\/v2\/posts\/8088\/revisions"}],"wp:featuredmedia":[{"embeddable":true,"href":"https:\/\/www.europesays.com\/africa\/wp-json\/wp\/v2\/media\/8089"}],"wp:attachment":[{"href":"https:\/\/www.europesays.com\/africa\/wp-json\/wp\/v2\/media?parent=8088"}],"wp:term":[{"taxonomy":"category","embeddable":true,"href":"https:\/\/www.europesays.com\/africa\/wp-json\/wp\/v2\/categories?post=8088"},{"taxonomy":"post_tag","embeddable":true,"href":"https:\/\/www.europesays.com\/africa\/wp-json\/wp\/v2\/tags?post=8088"}],"curies":[{"name":"wp","href":"https:\/\/api.w.org\/{rel}","templated":true}]}}