{"id":8105,"date":"2026-01-06T22:48:10","date_gmt":"2026-01-06T22:48:10","guid":{"rendered":"https:\/\/www.europesays.com\/africa\/8105\/"},"modified":"2026-01-06T22:48:10","modified_gmt":"2026-01-06T22:48:10","slug":"victoire-de-lalgerie-dans-les-dernieres-minutes-face-au-congo-500-supporters-en-liesse-a-la-guillotiere","status":"publish","type":"post","link":"https:\/\/www.europesays.com\/africa\/8105\/","title":{"rendered":"victoire de l\u2019Alg\u00e9rie dans les derni\u00e8res minutes face au Congo,\u00a0500 supporters en liesse \u00e0 la Guilloti\u00e8re"},"content":{"rendered":"<p>1 \u2013 0 pour les Fennecs. L\u2019Alg\u00e9rie arrache la victoire contre la R\u00e9publique D\u00e9mocratique du Congo \u00e0 la 119e minute gr\u00e2ce \u00e0 une frappe d\u2019Adil Boulbina. L\u2019\u00e9quipe \u00e9chappe ainsi \u00e0 la s\u00e9ance de tirs au but, et file rejoindre le Nigeria en quart de finale de la CAN.\u00a0<\/p>\n<p>Au coup de sifflet final, les supporters de l\u2019Alg\u00e9rie se sont retrouv\u00e9s place Gabriel P\u00e9ri \u00e0 Lyon pour f\u00eater cette victoire. Les coups de klaxon r\u00e9sonnent. Quelques fumig\u00e8nes ont \u00e9t\u00e9 allum\u00e9s, des chandelles romaines et fus\u00e9es d&#8217;artifice ont \u00e9t\u00e9 tir\u00e9es. \u00ab\u00a0On a gal\u00e9r\u00e9 pour gagner\u00a0\u00bb, assure un supporter.<\/p>\n<p>Ce contenu est bloqu\u00e9 car vous n&#8217;avez pas accept\u00e9 les cookies et autres traceurs.<\/p>\n<p>En cliquant sur \u00ab J\u2019accepte \u00bb, les cookies et autres traceurs seront d\u00e9pos\u00e9s et vous pourrez visualiser les contenus  (<a href=\"\" class=\"consentModule_policy\" target=\"_blank\" title=\"Consulter la politique de protection des donn\u00e9es du fournisseur\">plus d&#8217;informations<\/a>).<\/p>\n<p>En cliquant sur \u00ab J\u2019accepte tous les cookies \u00bb, vous autorisez des d\u00e9p\u00f4ts de cookies et autres traceurs pour le stockage de vos donn\u00e9es sur nos sites et applications \u00e0 des fins de personnalisation et de ciblage publicitaire.<\/p>\n<p class=\"consentModule_secondaryText\">Vous gardez la possibilit\u00e9 de retirer votre consentement \u00e0 tout moment en consultant notre <a href=\"https:\/\/www.leprogres.fr\/protection-des-donnees\" target=\"_blank\" title=\"Consulter notre politique de protection des donn\u00e9es\" rel=\"nofollow noopener\">politique de protection des donn\u00e9es<\/a>. <br \/>&#13;<br \/>\n            <a href=\"https:\/\/www.leprogres.fr\/sport\/2026\/01\/06\/javascript:Didomi.notice.show()\" class=\"consentModule_cmp\" rel=\"nofollow noopener\" target=\"_blank\">G\u00e9rer mes choix<\/a>&#13;\n        <\/p>\n<p>&#13;<br \/>\n                        J&#8217;accepte&#13;<br \/>\n            J&#8217;accepte tous les cookies&#13;\n        <\/p>\n<p>C\u2019est d\u00e9sormais chose faite, bien que leur c\u00e9l\u00e9bration entra\u00eene un certain nombre de perturbations dans\u00a0le secteur\u00a0: la circulation automobile est perturb\u00e9e pendant que le tramway T1 circule uniquement de Debourg \u00e0 Place des Archives puis de Libert\u00e9 \u00e0 IUT Feyssine. Les stations Perrache \u00e0 <a href=\"https:\/\/www.leprogres.fr\/culture-loisirs\/2024\/03\/17\/un-quartier-une-histoire-la-guillotiere-de-l-autre-cote-du-pont\" target=\"_blank\" rel=\"nofollow noopener\">Guilloti\u00e8re <\/a>Gabriel P\u00e9ri ne sont plus desservies dans les deux sens de circulation. TCL annonce un retour \u00e0 la normale \u00e0 23 heures.<\/p>\n<p>Un important dispositif de s\u00e9curit\u00e9 a \u00e9galement \u00e9t\u00e9 mis en place.\u00a0Alors que des supporters s&#8217;approchaient du pont de la Guilloti\u00e8re, ils ont \u00e9t\u00e9 repouss\u00e9s par des lacrymog\u00e8nes des forces de l&#8217;ordre : la foule se disperse.\u00a0<\/p>\n<p>Selon la pr\u00e9fecture, la police est intervenue \u00e0 la demande de la pr\u00e9f\u00e8te pour disperser \u00e0 plusieurs reprises des individus qui s&#8217;orientaient vers les quais du Rh\u00f4ne, jetaient des projectiles et bloquaient la circulation \u00e0 la Guilloti\u00e8re ainsi que devant l&#8217;h\u00f4tel Dieu \u00a0: les forces de l&#8217;odre ont eu recours au gaz lacrymog\u00e8ne. La circulation \u00e9tait totalement r\u00e9tablie \u00e0 22 h 30.\u00a0<\/p>\n<p>La pr\u00e9fecture fait \u00e9tat d&#8217;une interpellation. Selon les autorit\u00e9s, jusqu&#8217;\u00e0 500 personnes se sont rassembl\u00e9es place Gabriel P\u00e9ri.\u00a0<\/p>\n","protected":false},"excerpt":{"rendered":"1 \u2013 0 pour les Fennecs. L\u2019Alg\u00e9rie arrache la victoire contre la R\u00e9publique D\u00e9mocratique du Congo \u00e0 la&hellip;\n","protected":false},"author":2,"featured_media":8106,"comment_status":"","ping_status":"","sticky":false,"template":"","format":"standard","meta":{"footnotes":""},"categories":[254],"tags":[255,4271,1489,295,311,1487,2660,239,1704],"class_list":{"0":"post-8105","1":"post","2":"type-post","3":"status-publish","4":"format-standard","5":"has-post-thumbnail","7":"category-algerie","8":"tag-algerie","9":"tag-circulation","10":"tag-edition-lyon-villeurbanne","11":"tag-fil-info","12":"tag-football","13":"tag-lyon","14":"tag-rhone","15":"tag-societe","16":"tag-transport"},"share_on_mastodon":{"url":"","error":""},"_links":{"self":[{"href":"https:\/\/www.europesays.com\/africa\/wp-json\/wp\/v2\/posts\/8105","targetHints":{"allow":["GET"]}}],"collection":[{"href":"https:\/\/www.europesays.com\/africa\/wp-json\/wp\/v2\/posts"}],"about":[{"href":"https:\/\/www.europesays.com\/africa\/wp-json\/wp\/v2\/types\/post"}],"author":[{"embeddable":true,"href":"https:\/\/www.europesays.com\/africa\/wp-json\/wp\/v2\/users\/2"}],"replies":[{"embeddable":true,"href":"https:\/\/www.europesays.com\/africa\/wp-json\/wp\/v2\/comments?post=8105"}],"version-history":[{"count":0,"href":"https:\/\/www.europesays.com\/africa\/wp-json\/wp\/v2\/posts\/8105\/revisions"}],"wp:featuredmedia":[{"embeddable":true,"href":"https:\/\/www.europesays.com\/africa\/wp-json\/wp\/v2\/media\/8106"}],"wp:attachment":[{"href":"https:\/\/www.europesays.com\/africa\/wp-json\/wp\/v2\/media?parent=8105"}],"wp:term":[{"taxonomy":"category","embeddable":true,"href":"https:\/\/www.europesays.com\/africa\/wp-json\/wp\/v2\/categories?post=8105"},{"taxonomy":"post_tag","embeddable":true,"href":"https:\/\/www.europesays.com\/africa\/wp-json\/wp\/v2\/tags?post=8105"}],"curies":[{"name":"wp","href":"https:\/\/api.w.org\/{rel}","templated":true}]}}