{"id":811,"date":"2026-01-03T17:18:06","date_gmt":"2026-01-03T17:18:06","guid":{"rendered":"https:\/\/www.europesays.com\/africa\/811\/"},"modified":"2026-01-03T17:18:06","modified_gmt":"2026-01-03T17:18:06","slug":"senegal-voeux-de-nouvel-an-bassirou-diomaye-faye-reaffirme-la-continuite-republicaine","status":"publish","type":"post","link":"https:\/\/www.europesays.com\/africa\/811\/","title":{"rendered":"S\u00e9n\u00e9gal: Voeux de Nouvel An &#8211; Bassirou Diomaye Faye r\u00e9affirme la continuit\u00e9 r\u00e9publicaine"},"content":{"rendered":"<p class=\"story-body-text\" data-para-word-count=\"32\">Le pr\u00e9sident de la R\u00e9publique, Bassirou Diomaye Faye, a pr\u00e9sid\u00e9 la traditionnelle c\u00e9r\u00e9monie de pr\u00e9sentation des voeux de Nouvel An aux Corps constitu\u00e9s, marquant ainsi un temps fort de la vie r\u00e9publicaine.<\/p>\n<p class=\"story-body-text\" data-para-word-count=\"30\">Cette rencontre, empreinte de solennit\u00e9 et de respect des institutions, a permis au Chef de l&#8217;\u00c9tat de r\u00e9affirmer l&#8217;attachement de l&#8217;\u00c9tat aux principes de continuit\u00e9 r\u00e9publicaine et de responsabilit\u00e9 institutionnelle.<\/p>\n","protected":false},"excerpt":{"rendered":"Le pr\u00e9sident de la R\u00e9publique, Bassirou Diomaye Faye, a pr\u00e9sid\u00e9 la traditionnelle c\u00e9r\u00e9monie de pr\u00e9sentation des voeux de&hellip;\n","protected":false},"author":2,"featured_media":198,"comment_status":"","ping_status":"","sticky":false,"template":"","format":"standard","meta":{"footnotes":""},"categories":[48],"tags":[63,83,265,262,268,96,261,159,264,263,266,325],"class_list":{"0":"post-811","1":"post","2":"type-post","3":"status-publish","4":"format-standard","5":"has-post-thumbnail","7":"category-senegal","8":"tag-africa","9":"tag-business","10":"tag-current-events","11":"tag-economy","12":"tag-governance","13":"tag-news","14":"tag-politics","15":"tag-senegal","16":"tag-sports","17":"tag-trade","18":"tag-travel","19":"tag-west-africa"},"share_on_mastodon":{"url":"","error":""},"_links":{"self":[{"href":"https:\/\/www.europesays.com\/africa\/wp-json\/wp\/v2\/posts\/811","targetHints":{"allow":["GET"]}}],"collection":[{"href":"https:\/\/www.europesays.com\/africa\/wp-json\/wp\/v2\/posts"}],"about":[{"href":"https:\/\/www.europesays.com\/africa\/wp-json\/wp\/v2\/types\/post"}],"author":[{"embeddable":true,"href":"https:\/\/www.europesays.com\/africa\/wp-json\/wp\/v2\/users\/2"}],"replies":[{"embeddable":true,"href":"https:\/\/www.europesays.com\/africa\/wp-json\/wp\/v2\/comments?post=811"}],"version-history":[{"count":0,"href":"https:\/\/www.europesays.com\/africa\/wp-json\/wp\/v2\/posts\/811\/revisions"}],"wp:featuredmedia":[{"embeddable":true,"href":"https:\/\/www.europesays.com\/africa\/wp-json\/wp\/v2\/media\/198"}],"wp:attachment":[{"href":"https:\/\/www.europesays.com\/africa\/wp-json\/wp\/v2\/media?parent=811"}],"wp:term":[{"taxonomy":"category","embeddable":true,"href":"https:\/\/www.europesays.com\/africa\/wp-json\/wp\/v2\/categories?post=811"},{"taxonomy":"post_tag","embeddable":true,"href":"https:\/\/www.europesays.com\/africa\/wp-json\/wp\/v2\/tags?post=811"}],"curies":[{"name":"wp","href":"https:\/\/api.w.org\/{rel}","templated":true}]}}