{"id":8145,"date":"2026-01-06T23:19:19","date_gmt":"2026-01-06T23:19:19","guid":{"rendered":"https:\/\/www.europesays.com\/africa\/8145\/"},"modified":"2026-01-06T23:19:19","modified_gmt":"2026-01-06T23:19:19","slug":"maroc-israel-un-nouveau-plan-daction-militaire-pour-consolider-un-partenariat-strategique-en-2026","status":"publish","type":"post","link":"https:\/\/www.europesays.com\/africa\/8145\/","title":{"rendered":"Maroc\u2013Isra\u00ebl: un nouveau plan d\u2019action militaire pour consolider un partenariat strat\u00e9gique en 2026"},"content":{"rendered":"<p class=\"default__StyledText-sc-10mj2vp-0 CxBBS body-paragraph\">Le Maroc et Isra\u00ebl maintiennent le cap de leur coop\u00e9ration militaire et entament l\u2019ann\u00e9e 2026 avec l\u2019adoption commune d\u2019un nouveau plan d\u2019action au titre de l\u2019ann\u00e9e qui d\u00e9marre. La signature de cette nouveau plan de travail militaire est intervenue cette semaine, \u00e0 l\u2019issue de la troisi\u00e8me r\u00e9union de Commission militaire conjointe, tenue \u00e0 Tel-Aviv, annonce l\u2019arm\u00e9e isra\u00e9lienne (IDF). Cette rencontre intervient cinq ans apr\u00e8s la reprise officielle des relations diplomatiques entre les deux pays dans le cadre des Accords d\u2019Abraham.<\/p>\n<p class=\"default__StyledText-sc-10mj2vp-0 CxBBS body-paragraph\">C\u00f4t\u00e9 isra\u00e9lien, les discussions ont \u00e9t\u00e9 conduites par la Direction de la planification de l\u2019arm\u00e9e isra\u00e9lienne et sa division Tevel, en charge des relations internationales. Elles ont donn\u00e9 lieu \u00e0 plusieurs r\u00e9unions techniques entre responsables militaires des deux pays, ainsi qu\u2019\u00e0 des visites d\u2019unit\u00e9s op\u00e9rationnelles, d\u2019industries de d\u00e9fense et de directions militaires, \u00abconstituant une nouvelle \u00e9tape dans le cadre des Accords d\u2019Abraham et un pas suppl\u00e9mentaire en faveur de la stabilit\u00e9 r\u00e9gionale\u00bb, souligne l\u2019IDF.<\/p>\n<p lang=\"en\" dir=\"ltr\">\ud83c\uddee\ud83c\uddf1\ud83e\udd1d\ud83c\uddf2\ud83c\udde6 Five years since the Abraham Accords: Israel and Morocco continue to deepen security cooperation.<\/p>\n<p>This week in Tel Aviv, the IDF and the Moroccan Armed Forces held the 3rd Joint Military Committee meeting, concluding with the signing of the joint work plan for 2026.<\/p>\n<p>The\u2026<\/p>\n<p>\u2014 Israel Defense Forces (@IDF) <a href=\"https:\/\/twitter.com\/IDF\/status\/2008238325774381471?ref_src=twsrc%5Etfw\" rel=\"nofollow noopener\" target=\"_blank\">January 5, 2026<\/a><\/p>\n<p class=\"default__StyledText-sc-10mj2vp-0 CxBBS body-paragraph\">Au c\u0153ur de cette rencontre figurait un panel strat\u00e9gique consacr\u00e9 au renforcement des capacit\u00e9s militaires, abordant les m\u00e9thodes de mont\u00e9e en puissance des forces arm\u00e9es, la planification \u00e0 long terme et les objectifs communs de coop\u00e9ration entre les deux arm\u00e9es. Le plan d\u2019action sign\u00e9 pour 2026 vise \u00e0 structurer ces \u00e9changes \u00e0 travers des m\u00e9canismes r\u00e9guliers de coordination, de formation et de coop\u00e9ration technique.<\/p>\n<p class=\"default__StyledText-sc-10mj2vp-0 CxBBS body-paragraph\">Au-del\u00e0 de son aspect op\u00e9rationnel, cette signature rev\u00eat une port\u00e9e g\u00e9ostrat\u00e9gique significative pour le Maroc. Elle s\u2019inscrit dans une dynamique de diversification des partenariats militaires du Royaume, engag\u00e9 depuis plusieurs ann\u00e9es dans un vaste chantier de modernisation des Forces arm\u00e9es royales, de renforcement de ses capacit\u00e9s et d\u2019adaptation de leur doctrine aux menaces contemporaines. En s\u2019appuyant sur des partenaires disposant d\u2019une expertise avanc\u00e9e, notamment dans les domaines de la technologie militaire, du renseignement et de la cyberd\u00e9fense, Rabat cherche \u00e0 renforcer son autonomie strat\u00e9gique et ses capacit\u00e9s de dissuasion. Dans ce contexte, le Maroc se positionne comme un acteur de stabilit\u00e9, misant sur une diplomatie s\u00e9curitaire proactive et sur des alliances pragmatiques, sans renoncer \u00e0 son ind\u00e9pendance strat\u00e9gique.<\/p>\n<p class=\"interstitial-link block-margin-bottom\">Lire aussi : <a href=\"https:\/\/fr.le360.ma\/politique\/armement-comment-le-maroc-redefinit-sa-doctrine-de-defense_HZAAW3IHM5HH3ID2QDUCNZXGWY\/\" aria-label=\"Ouvrir un article associ\u00e9\" class=\"default__StyledLink-sc-10mj2vp-1 kkYPzd\" rel=\"nofollow noopener\" target=\"_blank\">Armement: comment le Maroc red\u00e9finit sa doctrine de d\u00e9fense<\/a><\/p>\n<p class=\"default__StyledText-sc-10mj2vp-0 CxBBS body-paragraph\">Cinq ans apr\u00e8s les Accords d\u2019Abraham, le partenariat militaire maroco-isra\u00e9lien illustre ainsi une coop\u00e9ration qui d\u00e9passe le cadre diplomatique pour produire des effets concrets sur le plan s\u00e9curitaire. La coop\u00e9ration militaire entre le Maroc et Isra\u00ebl s\u2019est progressivement renforc\u00e9e \u00e0 travers une s\u00e9rie d\u2019acquisitions d\u2019\u00e9quipements jug\u00e9s performants et adapt\u00e9s aux besoins op\u00e9rationnels des Forces arm\u00e9es royales. En 2025, ce rapprochement s\u2019est notamment illustr\u00e9 par la d\u00e9cision de Rabat de se tourner vers l\u2019entreprise isra\u00e9lienne Elbit Systems pour l\u2019acquisition de 36 pi\u00e8ces d\u2019artillerie autotract\u00e9es Atmos 2000, mont\u00e9es sur des camions Tatra. L\u2019Atmos 2000 est notamment appr\u00e9ci\u00e9 pour sa mobilit\u00e9, sa rapidit\u00e9 de d\u00e9ploiement et sa facilit\u00e9 d\u2019int\u00e9gration sur le terrain.<\/p>\n<p class=\"default__StyledText-sc-10mj2vp-0 CxBBS body-paragraph\">Cette orientation ne constitue pas un cas isol\u00e9. D\u00e8s 2022, le Maroc avait sign\u00e9 un contrat avec Israel Aerospace Industries pour l\u2019acquisition du syst\u00e8me de d\u00e9fense a\u00e9rienne et antimissile Barak MX, \u00e0 la suite d\u2019une visite officielle \u00e0 Rabat du ministre isra\u00e9lien de la D\u00e9fense de l\u2019\u00e9poque et de la conclusion d\u2019un accord de coop\u00e9ration militaire bilat\u00e9ral. Le choix de ce syst\u00e8me s\u2019expliquait \u00e0 la fois par son efficacit\u00e9 op\u00e9rationnelle et par un co\u00fbt jug\u00e9 comp\u00e9titif par rapport \u00e0 d\u2019autres solutions disponibles sur le march\u00e9. Une grande partie des \u00e9quipements a depuis \u00e9t\u00e9 livr\u00e9e et int\u00e9gr\u00e9e aux capacit\u00e9s de d\u00e9fense marocaines. Le Royaume s\u2019est \u00e9galement dot\u00e9 de drones de surveillance de type Heron, renfor\u00e7ant ses moyens de renseignement et de contr\u00f4le du territoire.<\/p>\n<p class=\"interstitial-link block-margin-bottom\">Lire aussi : <a href=\"https:\/\/fr.le360.ma\/politique\/lisraelien-bluebird-confirme-son-intention-de-lancer-sa-premiere-usine-de-drones-spy-x-au-maroc_ZLGERTJN4RF6ZHBYKTGEM32FQM\/\" aria-label=\"Ouvrir un article associ\u00e9\" class=\"default__StyledLink-sc-10mj2vp-1 kkYPzd\" rel=\"nofollow noopener\" target=\"_blank\">L\u2019isra\u00e9lien BlueBird confirme son intention de lancer sa premi\u00e8re usine de drones SPY-X au Maroc<\/a><\/p>\n<p class=\"default__StyledText-sc-10mj2vp-0 CxBBS body-paragraph\">En 2024, cette dynamique a franchi un nouveau cap avec la commande par le Maroc de deux satellites Ofek 13 aupr\u00e8s du groupe IAI, pour un montant estim\u00e9 \u00e0 un milliard de dollars, avec une livraison pr\u00e9vue d\u2019ici cinq ans. Il s\u2019agit du plus important contrat jamais sign\u00e9 entre les deux pays depuis la reprise de leurs relations. Ces acquisitions successives traduisent un tournant strat\u00e9gique en mati\u00e8re d\u2019armement, fond\u00e9 sur des crit\u00e8res d\u2019efficacit\u00e9, de co\u00fbt et de r\u00e9activit\u00e9 industrielle. Selon les donn\u00e9es de Stockholm International Peace Research Institute, Isra\u00ebl figure d\u00e9sormais parmi les principaux fournisseurs militaires du Maroc, repr\u00e9sentant environ 11% de ses importations d\u2019armement, confirmant la profondeur croissante de cette coop\u00e9ration strat\u00e9gique.<\/p>\n<p class=\"default__StyledText-sc-10mj2vp-0 CxBBS body-paragraph\">Le Maroc ne se contente pas d\u2019importer des \u00e9quipements de d\u00e9fense isra\u00e9liens, mais s\u2019inscrit r\u00e9solument dans une logique d\u2019industrialisation et de mont\u00e9e en comp\u00e9tence locale. L\u2019isra\u00e9lien BlueBird Aero Systems a ainsi r\u00e9affirm\u00e9 son intention de lancer au Maroc une usine de production de drones SPY-X, en accueillant r\u00e9cemment une \u00e9quipe technique marocaine pour une formation approfondie au sein de ses installations. Cette visite s\u2019inscrivait dans le cadre d\u2019un programme structur\u00e9 de transfert de technologie (TOT), combinant \u00e9changes de connaissances et apprentissage pratique, en pr\u00e9paration du d\u00e9marrage de la premi\u00e8re ligne de fabrication locale de ce type de drones. L\u2019initiative illustre la volont\u00e9 des deux parties de d\u00e9passer la simple relation fournisseur-client pour b\u00e2tir une capacit\u00e9 industrielle durable, dans un climat de coop\u00e9ration renforc\u00e9e. Pour rappel, le PDG de BlueBird, Ronen Nadir, avait indiqu\u00e9 en avril 2024 que l\u2019infrastructure de production locale \u00e9tait d\u00e9j\u00e0 en place et devrait entrer en activit\u00e9 dans un avenir proche, sans calendrier pr\u00e9cis.<\/p>\n<p><script async src=\"https:\/\/platform.twitter.com\/widgets.js\" charset=\"utf-8\"><\/script><\/p>\n","protected":false},"excerpt":{"rendered":"Le Maroc et Isra\u00ebl maintiennent le cap de leur coop\u00e9ration militaire et entament l\u2019ann\u00e9e 2026 avec l\u2019adoption commune&hellip;\n","protected":false},"author":2,"featured_media":8146,"comment_status":"","ping_status":"","sticky":false,"template":"","format":"standard","meta":{"footnotes":""},"categories":[41],"tags":[5705,5704,158,5703],"class_list":{"0":"post-8145","1":"post","2":"type-post","3":"status-publish","4":"format-standard","5":"has-post-thumbnail","7":"category-maroc","8":"tag-armement","9":"tag-defense","10":"tag-maroc","11":"tag-maroc-israel"},"share_on_mastodon":{"url":"","error":""},"_links":{"self":[{"href":"https:\/\/www.europesays.com\/africa\/wp-json\/wp\/v2\/posts\/8145","targetHints":{"allow":["GET"]}}],"collection":[{"href":"https:\/\/www.europesays.com\/africa\/wp-json\/wp\/v2\/posts"}],"about":[{"href":"https:\/\/www.europesays.com\/africa\/wp-json\/wp\/v2\/types\/post"}],"author":[{"embeddable":true,"href":"https:\/\/www.europesays.com\/africa\/wp-json\/wp\/v2\/users\/2"}],"replies":[{"embeddable":true,"href":"https:\/\/www.europesays.com\/africa\/wp-json\/wp\/v2\/comments?post=8145"}],"version-history":[{"count":0,"href":"https:\/\/www.europesays.com\/africa\/wp-json\/wp\/v2\/posts\/8145\/revisions"}],"wp:featuredmedia":[{"embeddable":true,"href":"https:\/\/www.europesays.com\/africa\/wp-json\/wp\/v2\/media\/8146"}],"wp:attachment":[{"href":"https:\/\/www.europesays.com\/africa\/wp-json\/wp\/v2\/media?parent=8145"}],"wp:term":[{"taxonomy":"category","embeddable":true,"href":"https:\/\/www.europesays.com\/africa\/wp-json\/wp\/v2\/categories?post=8145"},{"taxonomy":"post_tag","embeddable":true,"href":"https:\/\/www.europesays.com\/africa\/wp-json\/wp\/v2\/tags?post=8145"}],"curies":[{"name":"wp","href":"https:\/\/api.w.org\/{rel}","templated":true}]}}