{"id":8156,"date":"2026-01-06T23:29:11","date_gmt":"2026-01-06T23:29:11","guid":{"rendered":"https:\/\/www.europesays.com\/africa\/8156\/"},"modified":"2026-01-06T23:29:11","modified_gmt":"2026-01-06T23:29:11","slug":"can-2025-cote-divoire-burkina-faso-les-elephants-rejoignent-les-quarts-de-finale-sans-trembler-3-0","status":"publish","type":"post","link":"https:\/\/www.europesays.com\/africa\/8156\/","title":{"rendered":"CAN 2025 | C\u00f4te d&#8217;Ivoire &#8211; Burkina Faso | Les \u00c9l\u00e9phants rejoignent les quarts de finale sans trembler (3-0)"},"content":{"rendered":"<p class=\"typo-tk-rs-caption-xs\">&#8220;Une expression collective chang\u00e9e&#8221; : Comment le Real s&#8217;est adapt\u00e9 sans Mbapp\u00e9<\/p>\n<p class=\"typo-tk-rs-caption-xs\">Video credit: Eurosport<\/p>\n<p>La C\u00f4te d&#8217;Ivoire, tenante du titre, s&#8217;est qualifi\u00e9e par les quarts de finale de la Coupe d&#8217;Afrique 2025 au Maroc en disposant facilement du Burkina Faso (3-0) mardi \u00e0 Marrakech. Les \u00c9l\u00e9phants d\u00e9fieront l&#8217;\u00c9gypte de Mohamed Salah au prochain tour, samedi \u00e0 Agadir, alors que tous les pr\u00e9tendants au titre se retrouveront dans un tableau aux affiches all\u00e9chantes.<\/p>\n<p>Inao Oulai suspendu contre l\u2019\u00c9gypte<\/p>\n<p>Amad Diallo a ouvert le score apr\u00e8s une action collective limpide, conclue par un raid dans la surface des \u00c9talons (1-0, 20e). Yan Diomand\u00e9 a doubl\u00e9 la mise \u00e0 la demi-heure de jeu, parfaitement lanc\u00e9 par Diallo, ne laissant aucune chance \u00e0 Herv\u00e9 Koffi, le solide gardien burkinab\u00e8 (2-0, 32e).<\/p>\n<p>Puis Bazoumana Tour\u00e9 en contre et en solitaire a parachev\u00e9 le succ\u00e8s ivoirien en fin de rencontre (3-0, 87e). Seule ombre au tableau pour les joueurs d&#8217;Emerse Fa\u00e9 : ils devront se passer de Christ Inao Oulai, 19 ans, leur m\u00e9tronome au milieu de terrain, suspendu contre l&#8217;\u00c9gypte pour avoir \u00e9cop\u00e9 de deux cartons jaunes lors des deux pr\u00e9c\u00e9dentes rencontres.<\/p>\n","protected":false},"excerpt":{"rendered":"&#8220;Une expression collective chang\u00e9e&#8221; : Comment le Real s&#8217;est adapt\u00e9 sans Mbapp\u00e9 Video credit: Eurosport La C\u00f4te d&#8217;Ivoire,&hellip;\n","protected":false},"author":2,"featured_media":8157,"comment_status":"","ping_status":"","sticky":false,"template":"","format":"standard","meta":{"footnotes":""},"categories":[62],"tags":[988,64,311],"class_list":{"0":"post-8156","1":"post","2":"type-post","3":"status-publish","4":"format-standard","5":"has-post-thumbnail","7":"category-afrique","8":"tag-africa-cup-of-nations-2025","9":"tag-afrique","10":"tag-football"},"share_on_mastodon":{"url":"","error":""},"_links":{"self":[{"href":"https:\/\/www.europesays.com\/africa\/wp-json\/wp\/v2\/posts\/8156","targetHints":{"allow":["GET"]}}],"collection":[{"href":"https:\/\/www.europesays.com\/africa\/wp-json\/wp\/v2\/posts"}],"about":[{"href":"https:\/\/www.europesays.com\/africa\/wp-json\/wp\/v2\/types\/post"}],"author":[{"embeddable":true,"href":"https:\/\/www.europesays.com\/africa\/wp-json\/wp\/v2\/users\/2"}],"replies":[{"embeddable":true,"href":"https:\/\/www.europesays.com\/africa\/wp-json\/wp\/v2\/comments?post=8156"}],"version-history":[{"count":0,"href":"https:\/\/www.europesays.com\/africa\/wp-json\/wp\/v2\/posts\/8156\/revisions"}],"wp:featuredmedia":[{"embeddable":true,"href":"https:\/\/www.europesays.com\/africa\/wp-json\/wp\/v2\/media\/8157"}],"wp:attachment":[{"href":"https:\/\/www.europesays.com\/africa\/wp-json\/wp\/v2\/media?parent=8156"}],"wp:term":[{"taxonomy":"category","embeddable":true,"href":"https:\/\/www.europesays.com\/africa\/wp-json\/wp\/v2\/categories?post=8156"},{"taxonomy":"post_tag","embeddable":true,"href":"https:\/\/www.europesays.com\/africa\/wp-json\/wp\/v2\/tags?post=8156"}],"curies":[{"name":"wp","href":"https:\/\/api.w.org\/{rel}","templated":true}]}}