{"id":8162,"date":"2026-01-06T23:32:15","date_gmt":"2026-01-06T23:32:15","guid":{"rendered":"https:\/\/www.europesays.com\/africa\/8162\/"},"modified":"2026-01-06T23:32:15","modified_gmt":"2026-01-06T23:32:15","slug":"senegal-un-medicament-contre-la-drepanocytose-fabrique-a-dakar-redonne-espoir-2","status":"publish","type":"post","link":"https:\/\/www.europesays.com\/africa\/8162\/","title":{"rendered":"S\u00e9n\u00e9gal : un m\u00e9dicament contre la dr\u00e9panocytose fabriqu\u00e9 \u00e0 Dakar redonne espoir"},"content":{"rendered":"<p class=\"t-content__chapo\">\n                                                                Une r\u00e9volution est en cours pour les personnes atteintes de dr\u00e9panocytose au S\u00e9n\u00e9gal. Un g\u00e9n\u00e9rique de l\u2019hydroxyur\u00e9e est d\u00e9sormais produit localement. Nomm\u00e9 \u201cDrepaf\u201d, il est d\u00e9sormais disponible dans certaines pharmacies de Dakar. Reportage de notre correspondant \u00e0 Dakar, Elimane Ndao.Mouhamadou Sow, \u00e0 la t\u00eate de Teranga Pharma \u00e9tait l\u2019invit\u00e9 du JTA pour insister sur une logique souverainiste de sant\u00e9.                            <\/p>\n<p>Mots-cl\u00e9s associ\u00e9s \u00e0 la vid\u00e9o<\/p>\n","protected":false},"excerpt":{"rendered":"Une r\u00e9volution est en cours pour les personnes atteintes de dr\u00e9panocytose au S\u00e9n\u00e9gal. Un g\u00e9n\u00e9rique de l\u2019hydroxyur\u00e9e est&hellip;\n","protected":false},"author":2,"featured_media":8163,"comment_status":"","ping_status":"","sticky":false,"template":"","format":"standard","meta":{"footnotes":""},"categories":[48],"tags":[64,2683,5712,1714,159],"class_list":{"0":"post-8162","1":"post","2":"type-post","3":"status-publish","4":"format-standard","5":"has-post-thumbnail","7":"category-senegal","8":"tag-afrique","9":"tag-industrie-pharmaceutique","10":"tag-medicaments","11":"tag-sante","12":"tag-senegal"},"share_on_mastodon":{"url":"","error":""},"_links":{"self":[{"href":"https:\/\/www.europesays.com\/africa\/wp-json\/wp\/v2\/posts\/8162","targetHints":{"allow":["GET"]}}],"collection":[{"href":"https:\/\/www.europesays.com\/africa\/wp-json\/wp\/v2\/posts"}],"about":[{"href":"https:\/\/www.europesays.com\/africa\/wp-json\/wp\/v2\/types\/post"}],"author":[{"embeddable":true,"href":"https:\/\/www.europesays.com\/africa\/wp-json\/wp\/v2\/users\/2"}],"replies":[{"embeddable":true,"href":"https:\/\/www.europesays.com\/africa\/wp-json\/wp\/v2\/comments?post=8162"}],"version-history":[{"count":0,"href":"https:\/\/www.europesays.com\/africa\/wp-json\/wp\/v2\/posts\/8162\/revisions"}],"wp:featuredmedia":[{"embeddable":true,"href":"https:\/\/www.europesays.com\/africa\/wp-json\/wp\/v2\/media\/8163"}],"wp:attachment":[{"href":"https:\/\/www.europesays.com\/africa\/wp-json\/wp\/v2\/media?parent=8162"}],"wp:term":[{"taxonomy":"category","embeddable":true,"href":"https:\/\/www.europesays.com\/africa\/wp-json\/wp\/v2\/categories?post=8162"},{"taxonomy":"post_tag","embeddable":true,"href":"https:\/\/www.europesays.com\/africa\/wp-json\/wp\/v2\/tags?post=8162"}],"curies":[{"name":"wp","href":"https:\/\/api.w.org\/{rel}","templated":true}]}}