{"id":8176,"date":"2026-01-06T23:43:17","date_gmt":"2026-01-06T23:43:17","guid":{"rendered":"https:\/\/www.europesays.com\/africa\/8176\/"},"modified":"2026-01-06T23:43:17","modified_gmt":"2026-01-06T23:43:17","slug":"afrique-sante-et-croissance-la-banque-mondiale-mise-sur-des-reformes-structurelles-sur-le-continent","status":"publish","type":"post","link":"https:\/\/www.europesays.com\/africa\/8176\/","title":{"rendered":"Afrique: Sant\u00e9 et croissance &#8211; La Banque mondiale mise sur des r\u00e9formes structurelles sur le continent"},"content":{"rendered":"<p class=\"story-body-text\" data-para-word-count=\"67\">Le Groupe de la Banque mondiale poursuit son ambition d\u2019\u00e9largir l\u2019acc\u00e8s \u00e0 des services de sant\u00e9 de qualit\u00e9 et financi\u00e8rement abordables \u00e0 1,5 milliard de personnes d\u2019ici \u00e0 2030. Cet objectif a \u00e9t\u00e9 r\u00e9affirm\u00e9 lors d\u2019une r\u00e9union de haut niveau tenue mardi 6 janvier \u00e0 Tokyo, r\u00e9unissant des pays en d\u00e9veloppement et leurs partenaires internationaux, afin d\u2019\u00e9valuer les progr\u00e8s r\u00e9alis\u00e9s depuis le lancement de l\u2019initiative en 2024.<\/p>\n<p class=\"story-body-text\" data-para-word-count=\"62\">Selon l\u2019institution financi\u00e8re internationale, quinze pays ont d\u00e9j\u00e0 adopt\u00e9 des pactes nationaux pour la sant\u00e9, d\u00e9finissant des r\u00e9formes \u00e0 mettre en \u0153uvre sur une p\u00e9riode de cinq ans. Ces feuilles de route visent \u00e0 renforcer les soins de sant\u00e9 primaires, am\u00e9liorer la protection financi\u00e8re des populations et soutenir une croissance \u00e9conomique cr\u00e9atrice d\u2019emplois. Plusieurs pays africains figurent au c\u0153ur de cette dynamique.<\/p>\n<p class=\"story-body-text\" data-para-word-count=\"8\">Des avanc\u00e9es mesurables, mais des besoins encore consid\u00e9rables<\/p>\n<p class=\"story-body-text\" data-para-word-count=\"63\">Depuis l\u2019annonce de cet objectif, la Banque mondiale et ses partenaires indiquent avoir contribu\u00e9 \u00e0 fournir des soins de sant\u00e9 abordables et de qualit\u00e9 \u00e0 environ 375 millions de personnes. Par ailleurs, 45 pays d\u00e9ploient actuellement des approches \u00e9prouv\u00e9es pour am\u00e9liorer les r\u00e9sultats sanitaires tout en stimulant l\u2019emploi, notamment dans les secteurs de la sant\u00e9, des cha\u00eenes d\u2019approvisionnement locales et des activit\u00e9s connexes.<\/p>\n<p class=\"story-body-text\" style=\"text-align: center;\">\n<p>Restez inform\u00e9 des derniers gros titres sur <a href=\"https:\/\/whatsapp.com\/channel\/0029Vae09IP4inotqC0BUQ2V\" target=\"_blank\" rel=\"nofollow noopener\">WhatsApp<\/a> | <a href=\"https:\/\/www.linkedin.com\/company\/allafrica\/\" target=\"_blank\" rel=\"nofollow noopener\">LinkedIn<\/a><\/p>\n<p class=\"story-body-text\" data-para-word-count=\"91\">Ces efforts s\u2019inscrivent dans un contexte mondial marqu\u00e9 par le vieillissement de la population, la progression des maladies chroniques et des contraintes budg\u00e9taires croissantes. Le Rapport de suivi mondial 2025, pr\u00e9sent\u00e9 \u00e0 Tokyo, rappelle toutefois l\u2019ampleur des d\u00e9fis : 4,6 milliards de personnes n\u2019ont toujours pas acc\u00e8s aux services de sant\u00e9 essentiels et 2,1 milliards subissent des difficult\u00e9s financi\u00e8res li\u00e9es aux d\u00e9penses de sant\u00e9. Des chiffres qui, selon la Banque mondiale, soulignent la n\u00e9cessit\u00e9 de r\u00e9formes coordonn\u00e9es et de long terme pour b\u00e2tir des syst\u00e8mes de sant\u00e9 plus r\u00e9silients et \u00e9quitables.<\/p>\n<p class=\"story-body-text\" data-para-word-count=\"9\">L\u2019Afrique au c\u0153ur des pactes nationaux pour la sant\u00e9<\/p>\n<p class=\"story-body-text\" data-para-word-count=\"61\">Parmi les quinze pays ayant pr\u00e9sent\u00e9 un pacte national pour la sant\u00e9 figurent plusieurs \u00c9tats africains, notamment le Maroc, le Nig\u00e9ria, l\u2019\u00c9thiopie, le Kenya, la Sierra Leone, l\u2019Ouganda, l\u2019\u00c9gypte et la Zambie. Approuv\u00e9s au plus haut niveau de l\u2019\u00c9tat, ces pactes associent \u00e9troitement les minist\u00e8res de la Sant\u00e9 et des Finances autour d\u2019objectifs mesurables et de priorit\u00e9s d\u00e9finies par chaque pays.<\/p>\n<p class=\"story-body-text\" data-para-word-count=\"40\">Les r\u00e9formes s\u2019articulent autour de trois axes principaux : l\u2019\u00e9largissement et l\u2019am\u00e9lioration de la qualit\u00e9 des soins de sant\u00e9 primaires, le renforcement de la protection financi\u00e8re des m\u00e9nages et le d\u00e9veloppement des ressources humaines dans le secteur de la sant\u00e9.<\/p>\n<p class=\"story-body-text\" data-para-word-count=\"6\">Des initiatives concr\u00e8tes sur le terrain<\/p>\n<p class=\"story-body-text\" data-para-word-count=\"61\">Plusieurs projets illustrent cette orientation en Afrique. En Sierra Leone, les autorit\u00e9s ambitionnent de garantir \u00e0 chaque habitant un acc\u00e8s \u00e0 des soins de sant\u00e9 primaires de qualit\u00e9 \u00e0 moins de cinq kilom\u00e8tres de son domicile, gr\u00e2ce \u00e0 la construction de 300 nouveaux centres de sant\u00e9. Parall\u00e8lement, 1 800 structures existantes doivent \u00eatre \u00e9quip\u00e9es en \u00e9nergie solaire et en connexions num\u00e9riques.<\/p>\n<p class=\"story-body-text\" data-para-word-count=\"32\">En \u00c9thiopie, le gouvernement pr\u00e9voit de doter au moins 40 % des centres de sant\u00e9 primaires d\u2019outils num\u00e9riques, afin d\u2019am\u00e9liorer la qualit\u00e9 des soins cliniques et la gestion des personnels de sant\u00e9.<\/p>\n<p class=\"story-body-text\" data-para-word-count=\"71\">Sur le plan du financement, le Kenya s\u2019est engag\u00e9 \u00e0 doubler ses d\u00e9penses publiques de sant\u00e9 sur cinq ans pour atteindre 5 % du PIB, tout en \u00e9largissant la couverture de son syst\u00e8me d\u2019assurance maladie sociale de 26 % \u00e0 85 % de la population, avec une prise en charge int\u00e9grale pour les m\u00e9nages vuln\u00e9rables. De son c\u00f4t\u00e9, le Maroc pr\u00e9voit d\u2019\u00e9tendre l\u2019assurance maladie obligatoire \u00e0 22 millions de personnes suppl\u00e9mentaires.<\/p>\n<p class=\"story-body-text\" data-para-word-count=\"7\">Sant\u00e9 et industrialisation : un levier \u00e9conomique<\/p>\n<p class=\"story-body-text\" data-para-word-count=\"58\">La Banque mondiale met \u00e9galement en avant le potentiel \u00e9conomique du secteur de la sant\u00e9. Au Nig\u00e9ria, un programme pr\u00e9voit la formation de 10 000 professionnels dans les domaines pharmaceutique et biotechnologique, la cr\u00e9ation de centres d\u2019excellence et l\u2019instauration d\u2019incitations fiscales pour d\u00e9velopper la production locale de vaccins, de m\u00e9dicaments, de produits de diagnostic et de technologies m\u00e9dicales.<\/p>\n<p class=\"story-body-text\" data-para-word-count=\"49\">Pour Ajay Banga, pr\u00e9sident du Groupe de la Banque mondiale, \u00ab des syst\u00e8mes de soins primaires robustes ne prot\u00e8gent pas seulement la sant\u00e9 ; ils g\u00e9n\u00e8rent aussi des emplois et des opportunit\u00e9s \u00e9conomiques \u00bb. Une vision qui place la sant\u00e9 au carrefour des politiques sociales et du d\u00e9veloppement \u00e9conomique.<\/p>\n<p class=\"story-body-text\" data-para-word-count=\"7\">Un appui renforc\u00e9 au partage des connaissances<\/p>\n<p class=\"story-body-text\" data-para-word-count=\"72\">Afin d\u2019accompagner ces r\u00e9formes, le Japon, l\u2019Organisation mondiale de la sant\u00e9 (OMS) et la Banque mondiale ont lanc\u00e9 le Centre de connaissances sur la couverture sanitaire universelle, destin\u00e9 \u00e0 diffuser des solutions \u00e9prouv\u00e9es et \u00e0 favoriser l\u2019apprentissage entre pairs. Cette initiative s\u2019inscrit dans la continuit\u00e9 du Forum de haut niveau sur la couverture sanitaire universelle, qui a r\u00e9uni \u00e0 Tokyo responsables publics, acteurs priv\u00e9s, organisations internationales et repr\u00e9sentants de la soci\u00e9t\u00e9 civile.<\/p>\n<p class=\"story-body-text\" data-para-word-count=\"46\">\u00c0 travers ces pactes nationaux et les projets qui en d\u00e9coulent, la Banque mondiale entend faire de la sant\u00e9 un moteur de d\u00e9veloppement durable, en particulier en Afrique, o\u00f9 les besoins restent consid\u00e9rables mais o\u00f9 les r\u00e9formes engag\u00e9es pourraient produire des effets \u00e9conomiques et sociaux durables.<\/p>\n","protected":false},"excerpt":{"rendered":"Le Groupe de la Banque mondiale poursuit son ambition d\u2019\u00e9largir l\u2019acc\u00e8s \u00e0 des services de sant\u00e9 de qualit\u00e9&hellip;\n","protected":false},"author":2,"featured_media":8177,"comment_status":"","ping_status":"","sticky":false,"template":"","format":"standard","meta":{"footnotes":""},"categories":[62],"tags":[63,64,83,269,265,262,649,268,1988,653,96,261,264,263,266],"class_list":{"0":"post-8176","1":"post","2":"type-post","3":"status-publish","4":"format-standard","5":"has-post-thumbnail","7":"category-afrique","8":"tag-africa","9":"tag-afrique","10":"tag-business","11":"tag-business-and-finance","12":"tag-current-events","13":"tag-economy","14":"tag-external-relations","15":"tag-governance","16":"tag-health-and-medicine","17":"tag-international-organizations-and-africa","18":"tag-news","19":"tag-politics","20":"tag-sports","21":"tag-trade","22":"tag-travel"},"share_on_mastodon":{"url":"","error":""},"_links":{"self":[{"href":"https:\/\/www.europesays.com\/africa\/wp-json\/wp\/v2\/posts\/8176","targetHints":{"allow":["GET"]}}],"collection":[{"href":"https:\/\/www.europesays.com\/africa\/wp-json\/wp\/v2\/posts"}],"about":[{"href":"https:\/\/www.europesays.com\/africa\/wp-json\/wp\/v2\/types\/post"}],"author":[{"embeddable":true,"href":"https:\/\/www.europesays.com\/africa\/wp-json\/wp\/v2\/users\/2"}],"replies":[{"embeddable":true,"href":"https:\/\/www.europesays.com\/africa\/wp-json\/wp\/v2\/comments?post=8176"}],"version-history":[{"count":0,"href":"https:\/\/www.europesays.com\/africa\/wp-json\/wp\/v2\/posts\/8176\/revisions"}],"wp:featuredmedia":[{"embeddable":true,"href":"https:\/\/www.europesays.com\/africa\/wp-json\/wp\/v2\/media\/8177"}],"wp:attachment":[{"href":"https:\/\/www.europesays.com\/africa\/wp-json\/wp\/v2\/media?parent=8176"}],"wp:term":[{"taxonomy":"category","embeddable":true,"href":"https:\/\/www.europesays.com\/africa\/wp-json\/wp\/v2\/categories?post=8176"},{"taxonomy":"post_tag","embeddable":true,"href":"https:\/\/www.europesays.com\/africa\/wp-json\/wp\/v2\/tags?post=8176"}],"curies":[{"name":"wp","href":"https:\/\/api.w.org\/{rel}","templated":true}]}}