{"id":8182,"date":"2026-01-06T23:46:07","date_gmt":"2026-01-06T23:46:07","guid":{"rendered":"https:\/\/www.europesays.com\/africa\/8182\/"},"modified":"2026-01-06T23:46:07","modified_gmt":"2026-01-06T23:46:07","slug":"diomaye-faye-recoit-les-voeux-de-nouvel-an-du-corps-diplomatique","status":"publish","type":"post","link":"https:\/\/www.europesays.com\/africa\/8182\/","title":{"rendered":"Diomaye Faye re\u00e7oit les v\u0153ux de Nouvel An du Corps diplomatique"},"content":{"rendered":"<p style=\"text-align: justify;\">Le Pr\u00e9sident de la R\u00e9publique, Bassirou Diomaye Faye, a pr\u00e9sid\u00e9 ce mardi 6 janvier au Palais de la R\u00e9publique la c\u00e9r\u00e9monie traditionnelle de pr\u00e9sentation des v\u0153ux de Nouvel An du Corps diplomatique accr\u00e9dit\u00e9 \u00e0 Dakar. <\/p>\n<p style=\"text-align: justify;\">S\u2019adressant aux chefs de mission diplomatique ainsi qu\u2019aux repr\u00e9sentants des organisations internationales, le Chef de l\u2019\u00c9tat a dress\u00e9, selon une note de la Pr\u00e9sidence de la R\u00e9publique, un constat lucide des turbulences qui secouent l\u2019ordre international. Il a notamment \u00e9voqu\u00e9 les conflits persistants \u00e0 travers le monde, l\u2019ins\u00e9curit\u00e9 au Sahel, le d\u00e9r\u00e8glement climatique et la fragilisation croissante du multilat\u00e9ralisme. <\/p>\n<p style=\"text-align: justify;\">Face \u00e0 ces d\u00e9fis majeurs, le Pr\u00e9sident Diomaye Faye a r\u00e9affirm\u00e9 l\u2019engagement constant du S\u00e9n\u00e9gal en faveur du dialogue, de la concertation et du respect du droit international, rejetant toute logique d\u2019unilat\u00e9ralisme ou de domination fond\u00e9e sur le rapport de force. Il a \u00e9galement renouvel\u00e9 l\u2019appel du S\u00e9n\u00e9gal \u00e0 une action impartiale de la communaut\u00e9 internationale pour la paix, la justice et la dignit\u00e9 humaine. <\/p>\n<p style=\"text-align: justify;\">Le Chef de l\u2019\u00c9tat a par ailleurs soulign\u00e9 l\u2019attachement du S\u00e9n\u00e9gal \u00e0 l\u2019\u00e9gale dignit\u00e9 des cultures et des civilisations, consid\u00e9r\u00e9e comme un fondement essentiel de la coexistence pacifique entre les peuples. <\/p>\n<p style=\"text-align: justify;\">Abordant l\u2019agenda diplomatique de l\u2019ann\u00e9e 2026, le Pr\u00e9sident de la R\u00e9publique a mis en exergue plusieurs grands rendez-vous internationaux que le S\u00e9n\u00e9gal s\u2019appr\u00eate \u00e0 accueillir. Il s\u2019agit notamment de la r\u00e9union de haut niveau pr\u00e9paratoire \u00e0 la Conf\u00e9rence des Nations Unies sur l\u2019eau, de la 10\u1d49 \u00e9dition du Forum international de Dakar sur la paix et la s\u00e9curit\u00e9 en Afrique, ainsi que des Jeux Olympiques de la Jeunesse, premier \u00e9v\u00e9nement olympique jamais organis\u00e9 sur le continent africain. <\/p>\n<p style=\"text-align: justify;\">Enfin, le Pr\u00e9sident Bassirou Diomaye Faye a salu\u00e9 l\u2019accompagnement constant des partenaires du S\u00e9n\u00e9gal et a r\u00e9affirm\u00e9 l\u2019ouverture du pays \u00e0 une coop\u00e9ration fond\u00e9e sur l\u2019amiti\u00e9, le respect mutuel et la solidarit\u00e9. Il conclut en adressant ses v\u0153ux de paix, de sant\u00e9 et de plein succ\u00e8s aux membres du Corps diplomatique dans l\u2019exercice de leurs missions. <\/p>\n","protected":false},"excerpt":{"rendered":"Le Pr\u00e9sident de la R\u00e9publique, Bassirou Diomaye Faye, a pr\u00e9sid\u00e9 ce mardi 6 janvier au Palais de la&hellip;\n","protected":false},"author":2,"featured_media":8183,"comment_status":"","ping_status":"","sticky":false,"template":"","format":"standard","meta":{"footnotes":""},"categories":[48],"tags":[64,274,279,273,277,278,271,281,283,272,280,276,275,159,282],"class_list":{"0":"post-8182","1":"post","2":"type-post","3":"status-publish","4":"format-standard","5":"has-post-thumbnail","7":"category-senegal","8":"tag-afrique","9":"tag-aliou-cisse","10":"tag-amadou-ba","11":"tag-apr","12":"tag-bassirou-diomaye-faye","13":"tag-bathelemy-dias","14":"tag-dakar","15":"tag-el-malick-ndiaye","16":"tag-guy-marius-sagna","17":"tag-macky-sall","18":"tag-madiambal-diagne","19":"tag-ousmane-sonko","20":"tag-pastef","21":"tag-senegal","22":"tag-ziguinchor"},"share_on_mastodon":{"url":"","error":""},"_links":{"self":[{"href":"https:\/\/www.europesays.com\/africa\/wp-json\/wp\/v2\/posts\/8182","targetHints":{"allow":["GET"]}}],"collection":[{"href":"https:\/\/www.europesays.com\/africa\/wp-json\/wp\/v2\/posts"}],"about":[{"href":"https:\/\/www.europesays.com\/africa\/wp-json\/wp\/v2\/types\/post"}],"author":[{"embeddable":true,"href":"https:\/\/www.europesays.com\/africa\/wp-json\/wp\/v2\/users\/2"}],"replies":[{"embeddable":true,"href":"https:\/\/www.europesays.com\/africa\/wp-json\/wp\/v2\/comments?post=8182"}],"version-history":[{"count":0,"href":"https:\/\/www.europesays.com\/africa\/wp-json\/wp\/v2\/posts\/8182\/revisions"}],"wp:featuredmedia":[{"embeddable":true,"href":"https:\/\/www.europesays.com\/africa\/wp-json\/wp\/v2\/media\/8183"}],"wp:attachment":[{"href":"https:\/\/www.europesays.com\/africa\/wp-json\/wp\/v2\/media?parent=8182"}],"wp:term":[{"taxonomy":"category","embeddable":true,"href":"https:\/\/www.europesays.com\/africa\/wp-json\/wp\/v2\/categories?post=8182"},{"taxonomy":"post_tag","embeddable":true,"href":"https:\/\/www.europesays.com\/africa\/wp-json\/wp\/v2\/tags?post=8182"}],"curies":[{"name":"wp","href":"https:\/\/api.w.org\/{rel}","templated":true}]}}