{"id":8203,"date":"2026-01-07T00:01:07","date_gmt":"2026-01-07T00:01:07","guid":{"rendered":"https:\/\/www.europesays.com\/africa\/8203\/"},"modified":"2026-01-07T00:01:07","modified_gmt":"2026-01-07T00:01:07","slug":"mathmaroc-et-luniversite-al-akhawayn-celebrent-lexcellence-et-la-recherche-mathematique-a-ifrane","status":"publish","type":"post","link":"https:\/\/www.europesays.com\/africa\/8203\/","title":{"rendered":"Math&#038;Maroc et l\u2019Universit\u00e9 Al Akhawayn c\u00e9l\u00e8brent l\u2019excellence et la recherche math\u00e9matique \u00e0 Ifrane"},"content":{"rendered":"<p>Fond\u00e9 en 2024 par l\u2019association Math&amp;Maroc, le MTYM a connu une trajectoire fulgurante. Apr\u00e8s une premi\u00e8re \u00e9dition \u00e0 Benguerir, le tournoi s\u2019est install\u00e9 \u00e0 Ifrane pour les deux \u00e9ditions suivantes. Cette \u00e9dition 2025 a suscit\u00e9 un engouement sans pr\u00e9c\u00e9dent avec 1012 candidatures enregistr\u00e9es \u00e0 l\u2019\u00e9chelle nationale. Au terme d\u2019un processus de s\u00e9lection drastique, 185 participants, r\u00e9partis en 44 \u00e9quipes et repr\u00e9sentant 36 villes et 11 r\u00e9gions du Royaume (ainsi que la diaspora), ont \u00e9t\u00e9 retenus pour la phase finale.<\/p>\n<p>\u00ab\u00a0En accueillant MTYM \u00e0 Al Akhawayn University, nous sommes fiers de booster les comp\u00e9tences math\u00e9matiques de la nouvelle g\u00e9n\u00e9ration marocaine pour d\u00e9velopper des talents pr\u00e9cieux pour la recherche en IA, d\u2019encourager la rigueur math\u00e9matique pour promouvoir la clart\u00e9 dans une conjoncture empreinte de flous,\u00a0et de faire avancer l\u2019innovation p\u00e9dagogique par la recherche au niveau pr\u00e9- et post-bac pour inspirer les jeunes scientifiques marocains en herbe.\u00a0 Je suis personnellement tr\u00e8s heureux de travailler avec les \u00e9quipes de Math &amp; Maroc sur cette initiative qui me passionne pour le bien de notre pays.\u00bb, a affirm\u00e9 le Dr Rabie Zine, Chef du d\u00e9partement des math\u00e9matiques \u00e0 l\u2019AUI.<\/p>\n<p>Une synergie entre expertise scientifique et support institutionnel<\/p>\n<p>Tout au long de la comp\u00e9tition, les participants ont b\u00e9n\u00e9fici\u00e9 de l\u2019\u00e9cosyst\u00e8me d\u2019AUI, encadr\u00e9s par 20 tuteurs de l\u2019universit\u00e9 veillant au suivi op\u00e9rationnel des \u00e9quipes. Cette synergie permet \u00e0 Math&amp;Maroc de se concentrer sur l\u2019ing\u00e9nierie scientifique ; de la conception des probl\u00e8mes de recherche aux workshops intensifs en passant par le jury, compos\u00e9 d\u2019experts de l\u2019association renforc\u00e9s par le Dr. Oualid Kafi (AUI), qui a \u00e9valu\u00e9 la rigueur des solutions pr\u00e9sent\u00e9es. Comme le souligne Dr Mohammed Younes Gueddari, Vice-Pr\u00e9sident MTYM de Math&amp;Maroc : \u00ab Le MTYM est avant tout un tournoi de recherche, pens\u00e9 par d\u2019anciens olympiens pour donner aux lyc\u00e9ens marocains un v\u00e9ritable premier contact avec la recherche math\u00e9matique. Gr\u00e2ce \u00e0 notre partenariat avec Al Akhawayn, nous pouvons concentrer nos efforts sur le contenu scientifique tout en offrant aux participants un cadre de travail digne des meilleures universit\u00e9s. \u00bb<\/p>\n<p>La comp\u00e9tition a r\u00e9v\u00e9l\u00e9 des talents exceptionnels. Le top 3 du tournoi est compos\u00e9 des \u00e9quipes suivantes :<\/p>\n<p>1\u00e8re place \u2013 5\u03a3 RAYS : Mohamed Amine Sosso Alaoui (Casablanca), Younes Yahiaoui (Rabat) et Rayan El Bakkar (Marrakech).<br \/>\n2\u00e8me place \u2013 The Elegant Mathematics Pi-Rates (EMPR) : Mustapha El Oualy (Casablanca), Zakaria Bouhtouch (Marrakech), Ismail Maimouni (Oujda), Mehdi El Asry (Kenitra) et Aya Es-Sabri (Khemisset).<br \/>\n3\u00e8me place \u2013 Les Nombres Premiers (NMBP) : Yassine Machwate (Marrakech), Rayan Echajari (Marrakech) et Mohamed Haitam Ben Khaddah (Casablanca).<\/p>\n<p>Les laur\u00e9ats de cette comp\u00e9tition acc\u00e8dent \u00e9galement aux tests de s\u00e9lection pour former l\u2019\u00e9quipe qui repr\u00e9sentera le Maroc \u00e0 l\u2019\u00e9chelle europ\u00e9enne lors de la comp\u00e9tition ETEAM, qui se tiendra \u00e0 Lausanne, sur le prestigieux campus de l\u2019Ecole Polytechnique F\u00e9d\u00e9rale de Lausanne (EPFL), de plus, ils b\u00e9n\u00e9ficieront d\u2019une bourse d\u2019\u00e9tude s\u2019ils choisissent de poursuivre leurs \u00e9tudes sup\u00e9rieures \u00e0\u00a0l\u2019Universit\u00e9 Al Akhawayn<\/p>\n","protected":false},"excerpt":{"rendered":"Fond\u00e9 en 2024 par l\u2019association Math&amp;Maroc, le MTYM a connu une trajectoire fulgurante. Apr\u00e8s une premi\u00e8re \u00e9dition \u00e0&hellip;\n","protected":false},"author":2,"featured_media":8204,"comment_status":"","ping_status":"","sticky":false,"template":"","format":"standard","meta":{"footnotes":""},"categories":[41],"tags":[3869,3874,3873,3870,3872,158,3871],"class_list":{"0":"post-8203","1":"post","2":"type-post","3":"status-publish","4":"format-standard","5":"has-post-thumbnail","7":"category-maroc","8":"tag-actualite-maroc","9":"tag-akhbar","10":"tag-journal","11":"tag-journal-maroc","12":"tag-lavieeco","13":"tag-maroc","14":"tag-press-maroc"},"share_on_mastodon":{"url":"","error":""},"_links":{"self":[{"href":"https:\/\/www.europesays.com\/africa\/wp-json\/wp\/v2\/posts\/8203","targetHints":{"allow":["GET"]}}],"collection":[{"href":"https:\/\/www.europesays.com\/africa\/wp-json\/wp\/v2\/posts"}],"about":[{"href":"https:\/\/www.europesays.com\/africa\/wp-json\/wp\/v2\/types\/post"}],"author":[{"embeddable":true,"href":"https:\/\/www.europesays.com\/africa\/wp-json\/wp\/v2\/users\/2"}],"replies":[{"embeddable":true,"href":"https:\/\/www.europesays.com\/africa\/wp-json\/wp\/v2\/comments?post=8203"}],"version-history":[{"count":0,"href":"https:\/\/www.europesays.com\/africa\/wp-json\/wp\/v2\/posts\/8203\/revisions"}],"wp:featuredmedia":[{"embeddable":true,"href":"https:\/\/www.europesays.com\/africa\/wp-json\/wp\/v2\/media\/8204"}],"wp:attachment":[{"href":"https:\/\/www.europesays.com\/africa\/wp-json\/wp\/v2\/media?parent=8203"}],"wp:term":[{"taxonomy":"category","embeddable":true,"href":"https:\/\/www.europesays.com\/africa\/wp-json\/wp\/v2\/categories?post=8203"},{"taxonomy":"post_tag","embeddable":true,"href":"https:\/\/www.europesays.com\/africa\/wp-json\/wp\/v2\/tags?post=8203"}],"curies":[{"name":"wp","href":"https:\/\/api.w.org\/{rel}","templated":true}]}}