{"id":8221,"date":"2026-01-07T00:14:07","date_gmt":"2026-01-07T00:14:07","guid":{"rendered":"https:\/\/www.europesays.com\/africa\/8221\/"},"modified":"2026-01-07T00:14:07","modified_gmt":"2026-01-07T00:14:07","slug":"mouhamed-mbow-accuse-le-ministre-moustapha-dieck-sarre","status":"publish","type":"post","link":"https:\/\/www.europesays.com\/africa\/8221\/","title":{"rendered":"Mouhamed Mbow accuse le ministre Moustapha Dieck Sarr\u00e9"},"content":{"rendered":"<p class=\"firstp\"><a href=\"https:\/\/www.senenews.com\/actualites\/meurtre-du-taximan-moustapha-gueye-les-choses-se-corsent-pour-mouhamed-diop-et-dibrahima-semega_376878.html\" rel=\"nofollow noopener\" target=\"_blank\">Mouhamed Mbow<\/a> a annonc\u00e9 avoir \u00e9t\u00e9 d\u00e9mis de ses fonctions administratives par d\u00e9cision du ministre Amadou Moustapha Dieck Sarr\u00e9. L\u2019int\u00e9ress\u00e9 occupait les postes de Chef du Bureau de suivi du Secr\u00e9tariat g\u00e9n\u00e9ral et de Conseiller technique de d\u00e9partement.<\/p>\n<p>Dans une d\u00e9claration rendue publique, Mouhamed Mbow explique que cette d\u00e9cision ferait suite \u00e0 deux publications dans lesquelles il exprimait, selon lui, des opinions personnelles ainsi que son engagement politique au sein de la coalition Diomaye Pr\u00e9sident. Il pr\u00e9cise que cet engagement \u00e9tait, d\u2019apr\u00e8s ses propos, \u00ab connu, public \u00bb et exerc\u00e9 en dehors de toute faute professionnelle.\n<\/p>\n<p>Le psychologue conseiller soutient que les droits syndical et politique sont garantis par la Constitution et estime que la diff\u00e9rence d\u2019opinions ou d\u2019appartenance politique ne devrait pas constituer un motif de sanction administrative \u00e0 l\u2019encontre d\u2019un fonctionnaire, en l\u2019absence de manquement professionnel. Il qualifie ainsi la mesure dont il dit avoir fait l\u2019objet d\u2019\u00ab abus de pouvoir \u00bb, consid\u00e9rant qu\u2019elle viserait \u00e0 sanctionner des convictions politiques.\n<\/p>\n<p>Mouhamed Mbow affirme par ailleurs que cette situation ne saurait \u00eatre compar\u00e9e aux pers\u00e9cutions politiques connues sous d\u2019anciens r\u00e9gimes, tout en appelant \u00e0 ce que de tels actes ne se reproduisent plus dans l\u2019administration publique, au nom de la \u00ab rupture \u00bb pr\u00f4n\u00e9e par les nouvelles autorit\u00e9s.\n<\/p>\n<p>Dans son message publi\u00e9 par BuurNews, le pr\u00e9sident de l\u2019ADR plaide pour une administration fond\u00e9e sur la neutralit\u00e9, le respect des droits fondamentaux et la tol\u00e9rance d\u00e9mocratique, et appelle les acteurs politiques et institutionnels \u00e0 plus de retenue et de responsabilit\u00e9.<\/p>\n<p>Enfin, il d\u00e9clare demeurer un agent de l\u2019\u00c9tat respectueux de ses obligations professionnelles, tout en se pr\u00e9sentant comme un citoyen libre et fid\u00e8le \u00e0 ses convictions. Mouhamed Mbow est pr\u00e9sident de l\u2019ADR et membre de la Conf\u00e9rence des leaders de la coalition Diomaye Pr\u00e9sident.<\/p>\n","protected":false},"excerpt":{"rendered":"Mouhamed Mbow a annonc\u00e9 avoir \u00e9t\u00e9 d\u00e9mis de ses fonctions administratives par d\u00e9cision du ministre Amadou Moustapha Dieck&hellip;\n","protected":false},"author":2,"featured_media":8222,"comment_status":"","ping_status":"","sticky":false,"template":"","format":"standard","meta":{"footnotes":""},"categories":[48],"tags":[5730,5731,248,159,163],"class_list":{"0":"post-8221","1":"post","2":"type-post","3":"status-publish","4":"format-standard","5":"has-post-thumbnail","7":"category-senegal","8":"tag-diomaye-president","9":"tag-moustapha-sarre","10":"tag-politique","11":"tag-senegal","12":"tag-senegal-actualites"},"share_on_mastodon":{"url":"","error":""},"_links":{"self":[{"href":"https:\/\/www.europesays.com\/africa\/wp-json\/wp\/v2\/posts\/8221","targetHints":{"allow":["GET"]}}],"collection":[{"href":"https:\/\/www.europesays.com\/africa\/wp-json\/wp\/v2\/posts"}],"about":[{"href":"https:\/\/www.europesays.com\/africa\/wp-json\/wp\/v2\/types\/post"}],"author":[{"embeddable":true,"href":"https:\/\/www.europesays.com\/africa\/wp-json\/wp\/v2\/users\/2"}],"replies":[{"embeddable":true,"href":"https:\/\/www.europesays.com\/africa\/wp-json\/wp\/v2\/comments?post=8221"}],"version-history":[{"count":0,"href":"https:\/\/www.europesays.com\/africa\/wp-json\/wp\/v2\/posts\/8221\/revisions"}],"wp:featuredmedia":[{"embeddable":true,"href":"https:\/\/www.europesays.com\/africa\/wp-json\/wp\/v2\/media\/8222"}],"wp:attachment":[{"href":"https:\/\/www.europesays.com\/africa\/wp-json\/wp\/v2\/media?parent=8221"}],"wp:term":[{"taxonomy":"category","embeddable":true,"href":"https:\/\/www.europesays.com\/africa\/wp-json\/wp\/v2\/categories?post=8221"},{"taxonomy":"post_tag","embeddable":true,"href":"https:\/\/www.europesays.com\/africa\/wp-json\/wp\/v2\/tags?post=8221"}],"curies":[{"name":"wp","href":"https:\/\/api.w.org\/{rel}","templated":true}]}}