{"id":8255,"date":"2026-01-07T00:41:19","date_gmt":"2026-01-07T00:41:19","guid":{"rendered":"https:\/\/www.europesays.com\/africa\/8255\/"},"modified":"2026-01-07T00:41:19","modified_gmt":"2026-01-07T00:41:19","slug":"sm-caen-lalgerie-poursuit-sa-route-a-la-can-le-retour-attendra-pour-anthony-mandrea","status":"publish","type":"post","link":"https:\/\/www.europesays.com\/africa\/8255\/","title":{"rendered":"SM Caen. L&#8217;Alg\u00e9rie poursuit sa route \u00e0 la CAN, le retour attendra pour Anthony Mandr\u00e9a\u00a0!"},"content":{"rendered":"<p>                    Par<\/p>\n<p>            <a href=\"https:\/\/actu.fr\/auteur\/aline-chatel\" title=\"Consulter tous les articles de Aline Chatel\" rel=\"nofollow noopener\" target=\"_blank\">Aline Chatel<\/a><\/p>\n<p>        Publi\u00e9 le<\/p>\n<p>            6 janv. 2026 \u00e0 20h15        <\/p>\n<p>Le retour, ce n\u2019est pas pour maintenant ! Anthony Mandr\u00e9a poursuit l\u2019aventure \u00e0 la Coupe d\u2019Afrique des nations apr\u00e8s la victoire de l\u2019Alg\u00e9rie sur la R\u00e9publique d\u00e9mocratique du Congo, ce mardi 6 janvier 2026. Les Fennecs l\u2019ont emport\u00e9 au bout des prolongations gr\u00e2ce \u00e0 un but de Boulbina (119\u2032, 1-0). Anthony Mandr\u00e9a \u00e9tait rempla\u00e7ant, Luca Zidane \u00e9tant titulaire au but. Le quart de finale opposera l\u2019Alg\u00e9rie au Nig\u00e9ria, samedi 10 janvier 2026. Caen reprendra la comp\u00e9tition en National le vendredi suivant devant Concarneau. Anthony Mandr\u00e9a pourrait donc \u00eatre absent.<\/p>\n<p class=\" wall-content\">Personnalisez votre actualit\u00e9 en ajoutant vos villes et m\u00e9dias en favori avec <a href=\"https:\/\/moncompte.actu.fr\" title=\"D\u00e9couvez Mon Actu\" rel=\"nofollow noopener\" data-trk=\"{&quot;cta&quot;:{&quot;action&quot;:&quot;https:\\\/\\\/moncompte.actu.fr&quot;,&quot;category&quot;:&quot;mon compte&quot;,&quot;from&quot;:&quot;article footer&quot;,&quot;name&quot;:&quot;Mon actu&quot;,&quot;type&quot;:&quot;cta&quot;}}\" target=\"_blank\">Mon Actu<\/a>.<\/p>\n","protected":false},"excerpt":{"rendered":"Par Aline Chatel Publi\u00e9 le 6 janv. 2026 \u00e0 20h15 Le retour, ce n\u2019est pas pour maintenant !&hellip;\n","protected":false},"author":2,"featured_media":8256,"comment_status":"","ping_status":"","sticky":false,"template":"","format":"standard","meta":{"footnotes":""},"categories":[254],"tags":[255,311,5752,5750,264,5751],"class_list":{"0":"post-8255","1":"post","2":"type-post","3":"status-publish","4":"format-standard","5":"has-post-thumbnail","7":"category-algerie","8":"tag-algerie","9":"tag-football","10":"tag-sm-caen","11":"tag-sport-caen","12":"tag-sports","13":"tag-stade-malherbe-de-caen"},"share_on_mastodon":{"url":"","error":""},"_links":{"self":[{"href":"https:\/\/www.europesays.com\/africa\/wp-json\/wp\/v2\/posts\/8255","targetHints":{"allow":["GET"]}}],"collection":[{"href":"https:\/\/www.europesays.com\/africa\/wp-json\/wp\/v2\/posts"}],"about":[{"href":"https:\/\/www.europesays.com\/africa\/wp-json\/wp\/v2\/types\/post"}],"author":[{"embeddable":true,"href":"https:\/\/www.europesays.com\/africa\/wp-json\/wp\/v2\/users\/2"}],"replies":[{"embeddable":true,"href":"https:\/\/www.europesays.com\/africa\/wp-json\/wp\/v2\/comments?post=8255"}],"version-history":[{"count":0,"href":"https:\/\/www.europesays.com\/africa\/wp-json\/wp\/v2\/posts\/8255\/revisions"}],"wp:featuredmedia":[{"embeddable":true,"href":"https:\/\/www.europesays.com\/africa\/wp-json\/wp\/v2\/media\/8256"}],"wp:attachment":[{"href":"https:\/\/www.europesays.com\/africa\/wp-json\/wp\/v2\/media?parent=8255"}],"wp:term":[{"taxonomy":"category","embeddable":true,"href":"https:\/\/www.europesays.com\/africa\/wp-json\/wp\/v2\/categories?post=8255"},{"taxonomy":"post_tag","embeddable":true,"href":"https:\/\/www.europesays.com\/africa\/wp-json\/wp\/v2\/tags?post=8255"}],"curies":[{"name":"wp","href":"https:\/\/api.w.org\/{rel}","templated":true}]}}