{"id":8276,"date":"2026-01-07T00:57:07","date_gmt":"2026-01-07T00:57:07","guid":{"rendered":"https:\/\/www.europesays.com\/africa\/8276\/"},"modified":"2026-01-07T00:57:07","modified_gmt":"2026-01-07T00:57:07","slug":"baisse-denviron-3-100-dirhams-du-cout-du-pelerinage-pour-les-marocains","status":"publish","type":"post","link":"https:\/\/www.europesays.com\/africa\/8276\/","title":{"rendered":"Baisse d\u2019environ 3.100 dirhams du co\u00fbt du p\u00e8lerinage pour les Marocains"},"content":{"rendered":"<p>Intervenant, ce mardi, lors de la s\u00e9ance des questions orales \u00e0 la Chambre des conseillers, Ahmed Toufiq a indiqu\u00e9 que les frais li\u00e9s au Hajj ont diminu\u00e9 d\u2019environ 3.095 dirhams par rapport \u00e0 la saison ant\u00e9rieure. Cette d\u00e9claration a \u00e9t\u00e9 faite en r\u00e9ponse \u00e0 une question portant sur les m\u00e9canismes de r\u00e9duction du co\u00fbt du p\u00e8lerinage, soulev\u00e9e par le groupe du Parti Authenticit\u00e9 et Modernit\u00e9.    <br \/>\u00a0    <br \/>Le ministre a rappel\u00e9 que la supervision globale du Hajj rel\u00e8ve de la Commission royale charg\u00e9e du p\u00e8lerinage, \u00e9paul\u00e9e par une commission minist\u00e9rielle charg\u00e9e du suivi et du contr\u00f4le des d\u00e9penses, tant au Maroc que sur les Lieux saints. Pour la campagne en cours, la Commission avait fix\u00e9 un montant forfaitaire de 65.000 dirhams dans le cadre de l\u2019organisation officielle, tandis que le co\u00fbt d\u00e9finitif s\u2019est \u00e9tabli \u00e0 63.770,50 dirhams, contre 66.865 dirhams lors de la saison 1445 H.    <br \/>\u00a0    <br \/>Ahmed Toufiq a par ailleurs d\u00e9taill\u00e9 les principales composantes de cette enveloppe financi\u00e8re, qui englobent le transport a\u00e9rien, l\u2019h\u00e9bergement \u00e0 La Mecque et \u00e0 M\u00e9dine, la restauration durant le s\u00e9jour, les d\u00e9placements entre les villes et les sites rituels, le transport des bagages, ainsi que l\u2019ensemble des services de base et prestations compl\u00e9mentaires. S\u2019y ajoutent les frais d\u2019assurance, de visa et les co\u00fbts administratifs.    <br \/>\u00a0    <br \/>Le ministre a \u00e9galement soulign\u00e9 l\u2019impact de facteurs externes sur la facture globale, notamment la taxe sur la valeur ajout\u00e9e de 15 % appliqu\u00e9e par les autorit\u00e9s saoudiennes, les frais d\u2019encadrement et les commissions li\u00e9es aux services de Barid Bank, ainsi que le taux de change retenu pour les op\u00e9rations financi\u00e8res.    <br \/>\u00a0    <br \/>Sur ce dernier point, Ahmed Toufiq a mis en avant la coordination pr\u00e9coce avec Bank Al-Maghrib pour la saison 1446 H, ayant permis d\u2019adopter un taux de change pr\u00e9f\u00e9rentiel du riyal saoudien fix\u00e9 \u00e0 2,6118 dirhams. Un niveau inf\u00e9rieur \u00e0 celui de la saison pr\u00e9c\u00e9dente, qui a contribu\u00e9, selon lui, de mani\u00e8re directe \u00e0 l\u2019all\u00e8gement du co\u00fbt global du p\u00e8lerinage.<\/p>\n","protected":false},"excerpt":{"rendered":"Intervenant, ce mardi, lors de la s\u00e9ance des questions orales \u00e0 la Chambre des conseillers, Ahmed Toufiq a&hellip;\n","protected":false},"author":2,"featured_media":8277,"comment_status":"","ping_status":"","sticky":false,"template":"","format":"standard","meta":{"footnotes":""},"categories":[41],"tags":[554,553,555,556,563,565,560,567,561,557,162,566,564,558,559,158,562,248,239,310,568],"class_list":{"0":"post-8276","1":"post","2":"type-post","3":"status-publish","4":"format-standard","5":"has-post-thumbnail","7":"category-maroc","8":"tag-actualites","9":"tag-actualites-et-infos-au-maroc","10":"tag-actualites-et-infos-mondiale","11":"tag-actualites-marocaines-du-jour","12":"tag-alimentation","13":"tag-analyses","14":"tag-art-de-vivre","15":"tag-chronique","16":"tag-consommation-et-bien-etre","17":"tag-culture","18":"tag-economie","19":"tag-edito","20":"tag-etudes","21":"tag-insolite","22":"tag-loisirs","23":"tag-maroc","24":"tag-mode","25":"tag-politique","26":"tag-societe","27":"tag-sport","28":"tag-tribune"},"share_on_mastodon":{"url":"","error":""},"_links":{"self":[{"href":"https:\/\/www.europesays.com\/africa\/wp-json\/wp\/v2\/posts\/8276","targetHints":{"allow":["GET"]}}],"collection":[{"href":"https:\/\/www.europesays.com\/africa\/wp-json\/wp\/v2\/posts"}],"about":[{"href":"https:\/\/www.europesays.com\/africa\/wp-json\/wp\/v2\/types\/post"}],"author":[{"embeddable":true,"href":"https:\/\/www.europesays.com\/africa\/wp-json\/wp\/v2\/users\/2"}],"replies":[{"embeddable":true,"href":"https:\/\/www.europesays.com\/africa\/wp-json\/wp\/v2\/comments?post=8276"}],"version-history":[{"count":0,"href":"https:\/\/www.europesays.com\/africa\/wp-json\/wp\/v2\/posts\/8276\/revisions"}],"wp:featuredmedia":[{"embeddable":true,"href":"https:\/\/www.europesays.com\/africa\/wp-json\/wp\/v2\/media\/8277"}],"wp:attachment":[{"href":"https:\/\/www.europesays.com\/africa\/wp-json\/wp\/v2\/media?parent=8276"}],"wp:term":[{"taxonomy":"category","embeddable":true,"href":"https:\/\/www.europesays.com\/africa\/wp-json\/wp\/v2\/categories?post=8276"},{"taxonomy":"post_tag","embeddable":true,"href":"https:\/\/www.europesays.com\/africa\/wp-json\/wp\/v2\/tags?post=8276"}],"curies":[{"name":"wp","href":"https:\/\/api.w.org\/{rel}","templated":true}]}}