{"id":8302,"date":"2026-01-07T01:22:07","date_gmt":"2026-01-07T01:22:07","guid":{"rendered":"https:\/\/www.europesays.com\/africa\/8302\/"},"modified":"2026-01-07T01:22:07","modified_gmt":"2026-01-07T01:22:07","slug":"le-carnaval-du-cap-en-afrique-du-sud-nous-celebrons-la-liberte-apres-lesclavage-reportage-afrique","status":"publish","type":"post","link":"https:\/\/www.europesays.com\/africa\/8302\/","title":{"rendered":"Le carnaval du Cap, en Afrique du Sud: \u00abNous c\u00e9l\u00e9brons la libert\u00e9 apr\u00e8s l\u2019esclavage\u00bb &#8211; Reportage Afrique"},"content":{"rendered":"<p class=\"t-content__chapo\">\n                                                C\u2019est une grande f\u00eate populaire pour se souvenir du pass\u00e9. Au Cap, en Afrique du Sud, le carnaval annuel des m\u00e9nestrels, aussi appel\u00e9 \u00ab deuxi\u00e8me Nouvel An \u00bb, est une tradition h\u00e9rit\u00e9e de l\u2019esclavage. Une tradition toujours bien ancr\u00e9e dans la communaut\u00e9 m\u00e9tisse \u00ab\u00a0coloured\u00a0\u00bb qui vit en g\u00e9n\u00e9ral dans les banlieues sensibles de la ville. C\u2019est une occasion de se rassembler et de promouvoir sa culture dans les rues du centre-ville, d\u00e9guis\u00e9, maquill\u00e9, en musique, et surtout dans la bonne humeur. Reportage de notre correspondant au Cap.                    <\/p>\n<p><img decoding=\"async\" fetchpriority=\"low\" src=\"https:\/\/www.europesays.com\/africa\/wp-content\/uploads\/2026\/01\/IMG-1363-1.jpg\"   width=\"1024\" height=\"576\" alt=\"Dans le cort\u00e8ge, il y a une vingtaine de troupes: ce sont au total pr\u00e8s de  20 000 artistes participent qui d\u00e9filent dans la bonne humeur, pendant plusieurs heures, sous le soleil, et en musique.\" loading=\"eager\" class=\"a-img \"\/><\/p>\n<p>                Dans le cort\u00e8ge, il y a une vingtaine de troupes: ce sont au total pr\u00e8s de  20 000 artistes participent qui d\u00e9filent dans la bonne humeur, pendant plusieurs heures, sous le soleil, et en musique.                \u00a9 Valentin Hugues\/RFI            <\/p>\n<p class=\"a-read-more\">\u00c0 lire aussi<a target=\"_self\" href=\"https:\/\/www.rfi.fr\/fr\/podcasts\/reportage-afrique\/20251104-afrique-du-sud-des-musiciens-p\u00e9nalis\u00e9s-par-un-manque-d-infrastructures-dans-un-secteur-en-forte-progression-en-afrique\" class=\"a-read-more__link\" rel=\"nofollow noopener\">Afrique du Sud: des musiciens p\u00e9nalis\u00e9s par un manque d&#8217;infrastructures dans un secteur en forte progression en Afrique<\/a><\/p>\n","protected":false},"excerpt":{"rendered":"C\u2019est une grande f\u00eate populaire pour se souvenir du pass\u00e9. Au Cap, en Afrique du Sud, le carnaval&hellip;\n","protected":false},"author":2,"featured_media":8303,"comment_status":"","ping_status":"","sticky":false,"template":"","format":"standard","meta":{"footnotes":""},"categories":[62],"tags":[64,356,5788,2731,237],"class_list":{"0":"post-8302","1":"post","2":"type-post","3":"status-publish","4":"format-standard","5":"has-post-thumbnail","7":"category-afrique","8":"tag-afrique","9":"tag-afrique-du-sud","10":"tag-esclavage","11":"tag-histoire","12":"tag-reportage-afrique"},"share_on_mastodon":{"url":"","error":""},"_links":{"self":[{"href":"https:\/\/www.europesays.com\/africa\/wp-json\/wp\/v2\/posts\/8302","targetHints":{"allow":["GET"]}}],"collection":[{"href":"https:\/\/www.europesays.com\/africa\/wp-json\/wp\/v2\/posts"}],"about":[{"href":"https:\/\/www.europesays.com\/africa\/wp-json\/wp\/v2\/types\/post"}],"author":[{"embeddable":true,"href":"https:\/\/www.europesays.com\/africa\/wp-json\/wp\/v2\/users\/2"}],"replies":[{"embeddable":true,"href":"https:\/\/www.europesays.com\/africa\/wp-json\/wp\/v2\/comments?post=8302"}],"version-history":[{"count":0,"href":"https:\/\/www.europesays.com\/africa\/wp-json\/wp\/v2\/posts\/8302\/revisions"}],"wp:featuredmedia":[{"embeddable":true,"href":"https:\/\/www.europesays.com\/africa\/wp-json\/wp\/v2\/media\/8303"}],"wp:attachment":[{"href":"https:\/\/www.europesays.com\/africa\/wp-json\/wp\/v2\/media?parent=8302"}],"wp:term":[{"taxonomy":"category","embeddable":true,"href":"https:\/\/www.europesays.com\/africa\/wp-json\/wp\/v2\/categories?post=8302"},{"taxonomy":"post_tag","embeddable":true,"href":"https:\/\/www.europesays.com\/africa\/wp-json\/wp\/v2\/tags?post=8302"}],"curies":[{"name":"wp","href":"https:\/\/api.w.org\/{rel}","templated":true}]}}