{"id":8308,"date":"2026-01-07T01:25:41","date_gmt":"2026-01-07T01:25:41","guid":{"rendered":"https:\/\/www.europesays.com\/africa\/8308\/"},"modified":"2026-01-07T01:25:41","modified_gmt":"2026-01-07T01:25:41","slug":"benin-senegal-a-quelle-heure-et-sur-quelle-chaine-tv-voir-le-match-du-groupe-d-de-la-can-ce-mardi","status":"publish","type":"post","link":"https:\/\/www.europesays.com\/africa\/8308\/","title":{"rendered":"B\u00e9nin-S\u00e9n\u00e9gal : \u00e0 quelle heure et sur quelle cha\u00eene TV voir le match du groupe D de la CAN ce mardi ?"},"content":{"rendered":"<p class=\"paragraph text_align_left lp-f-body-02\">Les deux tickets qualificatifs pour les huiti\u00e8mes de finale vont se jouer ce mardi dans la poule D, lors de la derni\u00e8re journ\u00e9e de la phase de groupes de la <a href=\"https:\/\/www.leparisien.fr\/sports\/football\/coupe-d-afrique-des-nations\/\" target=\"_blank\" rel=\"noreferrer nofollow noopener\">CAN 2025<\/a>. Avec quatre points, le <a href=\"https:\/\/www.leparisien.fr\/sports\/football\/senegal\/\" target=\"_blank\" rel=\"noreferrer nofollow noopener\">S\u00e9n\u00e9gal <\/a>affronte le B\u00e9nin avec les cartes en mains, \u00e0 Tanger (Maroc).<\/p>\n<p><a class=\"banner-link\" href=\"https:\/\/ad.doubleclick.net\/ddm\/trackclk\/N6600.145219.LEPARISIEN.FR\/B32944843.412602257;dc_trk_aid=604786717;dc_trk_cid=228480032;dc_lat=;dc_rdid=;tag_for_child_directed_treatment=;tfua=;gdpr=$%7BGDPR%7D;gdpr_consent=$%7BGDPR_CONSENT_755%7D;ltd=;dc_tdv=1\" rel=\"nofollow noopener\" target=\"_blank\">Regardez le match B\u00e9nin-S\u00e9n\u00e9gal en direct sur BeINsportsD\u00e9couvrez la CAN 2025 avec beIN SPORTS pour 15 euros seulement !<\/p>\n<p>Lien track\u00e9 pouvant g\u00e9n\u00e9rer une commission pour Le Parisien<\/p>\n<p>Voir le match<\/a><\/p>\n<p class=\"\">Les Lions de la T\u00e9ranga avaient \u00e9t\u00e9 tenus en \u00e9chec <a href=\"https:\/\/www.leparisien.fr\/sports\/football\/coupe-d-afrique-des-nations\/on-sait-ce-quil-peut-nous-apporter-lentree-en-jeu-determinante-dibrahim-mbaye-avec-le-senegal-face-a-la-rd-congo-27-12-2025-23POKAAN45BGFKH7WTWIV3UOTU.php\" target=\"_blank\" rel=\"noreferrer nofollow noopener\">dans le choc au sommet face \u00e0 la R\u00e9publique d\u00e9mocratique du Congo (1-1)<\/a>, samedi. Un partage des points qui actait un statu quo en t\u00eate de la poule. Les Ecureuils avaient eux arrach\u00e9 face au Botswana (1-0) la toute premi\u00e8re victoire de leur histoire dans une Coupe d\u2019Afrique des nations, leur permettant de rester en vie dans ce groupe relev\u00e9 avec 3 points.<\/p>\n<p class=\"\">Le coup d\u2019envoi du match B\u00e9nin-S\u00e9n\u00e9gal est pr\u00e9vu \u00e0 20 heures ce mardi 30 d\u00e9cembre. La rencontre sera \u00e0 suivre \u00e0 la t\u00e9l\u00e9vision sur beIN Sports 1 et en direct comment\u00e9 sur le site du Parisien.<\/p>\n","protected":false},"excerpt":{"rendered":"Les deux tickets qualificatifs pour les huiti\u00e8mes de finale vont se jouer ce mardi dans la poule D,&hellip;\n","protected":false},"author":2,"featured_media":8309,"comment_status":"","ping_status":"","sticky":false,"template":"","format":"standard","meta":{"footnotes":""},"categories":[48],"tags":[360,311,159,264],"class_list":{"0":"post-8308","1":"post","2":"type-post","3":"status-publish","4":"format-standard","5":"has-post-thumbnail","7":"category-senegal","8":"tag-can","9":"tag-football","10":"tag-senegal","11":"tag-sports"},"share_on_mastodon":{"url":"","error":""},"_links":{"self":[{"href":"https:\/\/www.europesays.com\/africa\/wp-json\/wp\/v2\/posts\/8308","targetHints":{"allow":["GET"]}}],"collection":[{"href":"https:\/\/www.europesays.com\/africa\/wp-json\/wp\/v2\/posts"}],"about":[{"href":"https:\/\/www.europesays.com\/africa\/wp-json\/wp\/v2\/types\/post"}],"author":[{"embeddable":true,"href":"https:\/\/www.europesays.com\/africa\/wp-json\/wp\/v2\/users\/2"}],"replies":[{"embeddable":true,"href":"https:\/\/www.europesays.com\/africa\/wp-json\/wp\/v2\/comments?post=8308"}],"version-history":[{"count":0,"href":"https:\/\/www.europesays.com\/africa\/wp-json\/wp\/v2\/posts\/8308\/revisions"}],"wp:featuredmedia":[{"embeddable":true,"href":"https:\/\/www.europesays.com\/africa\/wp-json\/wp\/v2\/media\/8309"}],"wp:attachment":[{"href":"https:\/\/www.europesays.com\/africa\/wp-json\/wp\/v2\/media?parent=8308"}],"wp:term":[{"taxonomy":"category","embeddable":true,"href":"https:\/\/www.europesays.com\/africa\/wp-json\/wp\/v2\/categories?post=8308"},{"taxonomy":"post_tag","embeddable":true,"href":"https:\/\/www.europesays.com\/africa\/wp-json\/wp\/v2\/tags?post=8308"}],"curies":[{"name":"wp","href":"https:\/\/api.w.org\/{rel}","templated":true}]}}