{"id":831,"date":"2026-01-03T17:34:34","date_gmt":"2026-01-03T17:34:34","guid":{"rendered":"https:\/\/www.europesays.com\/africa\/831\/"},"modified":"2026-01-03T17:34:34","modified_gmt":"2026-01-03T17:34:34","slug":"quelle-solution-pour-les-gouvernements-dafrique-de-louest-face-a-la-crise-securitaire","status":"publish","type":"post","link":"https:\/\/www.europesays.com\/africa\/831\/","title":{"rendered":"Quelle solution pour les gouvernements d&#8217;Afrique de l&#8217;Ouest face \u00e0 la crise s\u00e9curitaire?"},"content":{"rendered":"<p>L&#8217;actualit\u00e9 des derni\u00e8res semaines en Afrique de l&#8217;Ouest \u00e9tait plut\u00f4t charg\u00e9e. Le 7 d\u00e9cembre, une tentative de coup d&#8217;\u00c9tat au <a href=\"https:\/\/www.geo.fr\/geopolitique\/coup-d-etat-au-benin-la-situation-est-elle-vraiment-sous-controle-229954\" rel=\"nofollow noopener\" target=\"_blank\">B\u00e9nin<\/a>, conduit par un chef des <a href=\"https:\/\/www.geo.fr\/geopolitique\/forces-speciales-ukrainiennes-une-mission-audacieuse-en-territoire-russe-228819\" rel=\"nofollow noopener\" target=\"_blank\">forces sp\u00e9ciales<\/a>,<a href=\"https:\/\/www.geo.fr\/geopolitique\/coup-d-etat-au-benin-la-situation-est-elle-vraiment-sous-controle-229954\" rel=\"nofollow noopener\" target=\"_blank\"> <\/a>a \u00e9chou\u00e9 gr\u00e2ce \u00e0 l&#8217;intervention d&#8217;autres pays de la Communaut\u00e9 \u00e9conomique des \u00c9tats de l&#8217;Afrique de l&#8217;Ouest (<a href=\"https:\/\/www.geo.fr\/geopolitique\/cedeao-quest-ce-que-la-communaute-economique-des-etats-de-lafrique-de-louest-213418\" rel=\"nofollow noopener\" target=\"_blank\">CEDEAO<\/a>). Deux semaines plus t\u00f4t, un putsch en <a href=\"https:\/\/www.geo.fr\/geopolitique\/putsch-en-guinee-bissau-le-president-demis-refugie-au-senegal-un-general-le-remplace-229746\" rel=\"nofollow noopener\" target=\"_blank\">Guin\u00e9e-Bissau<\/a> a quant \u00e0 lui r\u00e9ussi, et la CEDEAO g\u00e8re difficilement la crise. Enfin la propagation de la violence djihadiste depuis le Sahel semble inarr\u00eatable.<\/p>\n<p>La menace djihadiste au Sahel fait tache d&#8217;huile<\/p>\n<p>&#8220;La CEDEAO poss\u00e8de une solide exp\u00e9rience en mati\u00e8re de <a href=\"https:\/\/www.geo.fr\/geopolitique\/la-diplomatie-des-papes-a-l-aune-de-leurs-voyages-a-l-etranger-229745\" rel=\"nofollow noopener\" target=\"_blank\">diplomatie <\/a>et de compromis politiques pour g\u00e9rer des crises nationales d\u00e9licates mais ma\u00eetris\u00e9es, telles que le coup d&#8217;\u00c9tat en Guin\u00e9e-Bissau, analyse le think tank britannique Chatham House. Mais ces deux \u00e9v\u00e9nements imposent des exigences suppl\u00e9mentaires \u00e0 la CEDEAO, alors que l&#8217;Afrique de l&#8217;Ouest continue de faire face \u00e0 une crise bien plus vaste.&#8221;<\/p>\n<p>Depuis dix ans, les \u00c9tats du centre du Sahel (<a href=\"https:\/\/www.geo.fr\/geopolitique\/ils-tuent-meme-les-enfants-au-burkina-faso-les-civils-pris-entre-deux-feux-222579\" rel=\"nofollow noopener\" target=\"_blank\">Burkina Faso<\/a>, le <a href=\"https:\/\/www.geo.fr\/geopolitique\/le-siege-djihadiste-de-bamako-devoile-la-fragilite-de-la-tres-sure-d-elle-junte-malienne-229734\" rel=\"nofollow noopener\" target=\"_blank\">Mali <\/a>et le <a href=\"https:\/\/www.geo.fr\/geopolitique\/un-convoi-nigerien-charge-d-uranium-va-traverser-une-zone-controlee-par-des-djihadistes-229801\" rel=\"nofollow noopener\" target=\"_blank\">Niger<\/a>) font face \u00e0 une grave crise s\u00e9curitaire, o\u00f9 la menace djihadiste se conjugue \u00e0 des conflits entre communaut\u00e9s pour l&#8217;autod\u00e9termination politique et l&#8217;acc\u00e8s aux ressources (terre, eau, etc). Cette crise s&#8217;est aggrav\u00e9e avec le blocus sur le carburant que les djihadistes du JNIM ont impos\u00e9 \u00e0 Bamako, ce qui d\u00e9stabilise l&#8217;\u00e9conomie du pays entier et fragilise la junte au pouvoir.<\/p>\n<p>&#8220;Ces derni\u00e8res ann\u00e9es, la crise au Sahel central s&#8217;est \u00e9tendue de plus en plus au nord du B\u00e9nin, au Togo et au Nig\u00e9ria, poursuit Chatham House. Au Nig\u00e9ria, la menace persistante que repr\u00e9sentent <a href=\"https:\/\/www.geo.fr\/geopolitique\/boko-haram-et-les-jihadistes-nigerians-misent-sur-tiktok-pour-recruter-et-terroriser-226579\" rel=\"nofollow noopener\" target=\"_blank\">Boko Haram<\/a> et l&#8217;\u00c9tat islamique en Afrique de l&#8217;Ouest (ISWAP) dans le nord-est est d\u00e9sormais aggrav\u00e9e par une recrudescence du banditisme violent et des activit\u00e9s militantes dans le nord-ouest, la situation \u00e9tant particuli\u00e8rement difficile dans l&#8217;\u00c9tat de Zamfara.&#8221;<\/p>\n<p>Vers la r\u00e9conciliation ?<\/p>\n<p>L&#8217;\u00e9chec des gouvernements face \u00e0 cette ins\u00e9curit\u00e9 alimente la col\u00e8re des soldats et donc la dynamique des coups d&#8217;\u00c9tat. Entre 2020 et 2023, le Mali, le Burkina Faso et le Niger sont pass\u00e9s aux mains de juntes militaires. Elles se sont tourn\u00e9es vers la <a href=\"https:\/\/www.geo.fr\/geopolitique\/l-ukraine-franchit-une-etape-contre-la-russie-et-lance-le-drone-intercepteur-bullet-229949\" rel=\"nofollow noopener\" target=\"_blank\">Russie<\/a>, notamment via les mercenaires de <a href=\"https:\/\/www.geo.fr\/geopolitique\/mali-l-ukraine-a-t-elle-joue-un-role-dans-la-defaite-de-wagner-contre-des-rebelles-touaregs-221498\" rel=\"nofollow noopener\" target=\"_blank\">Wagner <\/a>puis <a href=\"https:\/\/www.geo.fr\/geopolitique\/quest-ce-que-lafrica-corps-le-successeur-de-wagner-en-afrique-219600\" rel=\"nofollow noopener\" target=\"_blank\">Africa Corps<\/a>, pour combattre les djihadistes, sans succ\u00e8s. Elles ont aussi claqu\u00e9 la porte de la CEDEO pour cr\u00e9er l&#8217;Alliance des \u00c9tats du Sahel (AES).<\/p>\n<p>&#8220;La m\u00e9diation et l&#8217;intervention militaire de la CEDEAO pourraient permettre de d\u00e9samorcer les crises au B\u00e9nin et en Guin\u00e9e-Bissau \u00e0 court terme, rel\u00e8ve le think-tank. Cependant, contenir les multiples impacts de la crise s\u00e9curitaire au Sahel repr\u00e9sente un d\u00e9fi bien plus important. La s\u00e9curit\u00e9 de toute la r\u00e9gion \u00e9tant d\u00e9sormais menac\u00e9e, les gouvernements [devraient] mettre de c\u00f4t\u00e9 leurs diff\u00e9rends et \u00e9laborer une r\u00e9ponse coordonn\u00e9e face \u00e0 la menace terroriste de plus en plus sophistiqu\u00e9e.&#8221;<\/p>\n<p>Une \u00e9ventuelle op\u00e9ration militaire conjointe CEDEAO\/AES devrait s&#8217;effectuer dans le respect du droit de la guerre, alors que les juntes du Sahel et leurs suppl\u00e9tifs russes multiplient les atrocit\u00e9s contre les civils depuis plusieurs ann\u00e9es, pour \u00e9viter de faire le jeu des djihadistes. Sur le plan politique, l&#8217;identit\u00e9 commune de la r\u00e9gion et sa culture de coop\u00e9ration pourrait permettre de renouer les liens entre tous les pays de la zone.<\/p>\n","protected":false},"excerpt":{"rendered":"L&#8217;actualit\u00e9 des derni\u00e8res semaines en Afrique de l&#8217;Ouest \u00e9tait plut\u00f4t charg\u00e9e. Le 7 d\u00e9cembre, une tentative de coup&hellip;\n","protected":false},"author":2,"featured_media":832,"comment_status":"","ping_status":"","sticky":false,"template":"","format":"standard","meta":{"footnotes":""},"categories":[62],"tags":[64,1147,1146,248,1148,1145],"class_list":{"0":"post-831","1":"post","2":"type-post","3":"status-publish","4":"format-standard","5":"has-post-thumbnail","7":"category-afrique","8":"tag-afrique","9":"tag-armu00e9e","10":"tag-coup-du00c9tat","11":"tag-politique","12":"tag-su00e9curitu00e9","13":"tag-u00e9conomie"},"share_on_mastodon":{"url":"","error":""},"_links":{"self":[{"href":"https:\/\/www.europesays.com\/africa\/wp-json\/wp\/v2\/posts\/831","targetHints":{"allow":["GET"]}}],"collection":[{"href":"https:\/\/www.europesays.com\/africa\/wp-json\/wp\/v2\/posts"}],"about":[{"href":"https:\/\/www.europesays.com\/africa\/wp-json\/wp\/v2\/types\/post"}],"author":[{"embeddable":true,"href":"https:\/\/www.europesays.com\/africa\/wp-json\/wp\/v2\/users\/2"}],"replies":[{"embeddable":true,"href":"https:\/\/www.europesays.com\/africa\/wp-json\/wp\/v2\/comments?post=831"}],"version-history":[{"count":0,"href":"https:\/\/www.europesays.com\/africa\/wp-json\/wp\/v2\/posts\/831\/revisions"}],"wp:featuredmedia":[{"embeddable":true,"href":"https:\/\/www.europesays.com\/africa\/wp-json\/wp\/v2\/media\/832"}],"wp:attachment":[{"href":"https:\/\/www.europesays.com\/africa\/wp-json\/wp\/v2\/media?parent=831"}],"wp:term":[{"taxonomy":"category","embeddable":true,"href":"https:\/\/www.europesays.com\/africa\/wp-json\/wp\/v2\/categories?post=831"},{"taxonomy":"post_tag","embeddable":true,"href":"https:\/\/www.europesays.com\/africa\/wp-json\/wp\/v2\/tags?post=831"}],"curies":[{"name":"wp","href":"https:\/\/api.w.org\/{rel}","templated":true}]}}