{"id":8324,"date":"2026-01-07T01:39:08","date_gmt":"2026-01-07T01:39:08","guid":{"rendered":"https:\/\/www.europesays.com\/africa\/8324\/"},"modified":"2026-01-07T01:39:08","modified_gmt":"2026-01-07T01:39:08","slug":"ce-qui-sest-passe-a-thies-porte-atteinte-a","status":"publish","type":"post","link":"https:\/\/www.europesays.com\/africa\/8324\/","title":{"rendered":"\u00ab\u00a0Ce qui s\u2019est pass\u00e9 \u00e0 Thi\u00e8s porte atteinte \u00e0\u2026\u00a0\u00bb"},"content":{"rendered":"<p class=\"firstp\">Le minist\u00e8re de la Culture, de l\u2019Artisanat et du Tourisme, dirig\u00e9 par <a href=\"https:\/\/www.senenews.com\/actualites\/rebeuss-comment-les-550-millions-de-fcfa-ont-permis-de-liberer-le-fils-damadou-ba_568766.html\" rel=\"nofollow noopener\" target=\"_blank\">Amadou Ba<\/a>, a \u00e9t\u00e9 inform\u00e9, \u00e0 travers des publications largement diffus\u00e9es sur les r\u00e9seaux sociaux, de la destruction d\u2019une \u0153uvre d\u2019art en mosa\u00efque situ\u00e9e \u00e0 la Place de France, dans la ville de Thi\u00e8s.<\/p>\n<p>Cette \u0153uvre, r\u00e9alis\u00e9e par le grand Ma\u00eetre Papa Ibra Tall, figure embl\u00e9matique et pionni\u00e8re de l\u2019art moderne s\u00e9n\u00e9galais, constitue un patrimoine artistique majeur et un t\u00e9moignage pr\u00e9cieux de la m\u00e9moire culturelle nationale.\n<\/p>\n<p>Le ministre exprime sa vive indignation face \u00e0 cet acte qui porte atteinte \u00e0 l\u2019int\u00e9grit\u00e9 du patrimoine artistique et \u00e0 l\u2019h\u00e9ritage laiss\u00e9 par l\u2019un des plus illustres cr\u00e9ateurs s\u00e9n\u00e9galais. La pr\u00e9servation des \u0153uvres dans l\u2019espace public rel\u00e8ve d\u2019une responsabilit\u00e9 collective, notamment des autorit\u00e9s publiques, et s\u2019inscrit dans les principes de sauvegarde, de transmission et de valorisation de notre patrimoine culturel.\n<\/p>\n<p>\u00c0 cet effet, le minist\u00e8re entend saisir officiellement Monsieur le Maire de la Ville de Thi\u00e8s afin d\u2019obtenir toutes les informations utiles sur les motifs, les conditions et le cadre d\u00e9cisionnel ayant conduit \u00e0 la destruction de l\u2019\u0153uvre.\n<\/p>\n<p>Le minist\u00e8re rappelle que toute intervention affectant une \u0153uvre d\u2019art ou un bien culturel, en particulier dans l\u2019espace public, doit se faire dans le respect des textes en vigueur et en concertation avec les services comp\u00e9tents de l\u2019\u00c9tat.<\/p>\n<p>Le Gouvernement du S\u00e9n\u00e9gal r\u00e9affirme son engagement \u00e0 prot\u00e9ger les artistes, \u00e0 sauvegarder les \u0153uvres majeures de la cr\u00e9ation nationale et \u00e0 promouvoir une gouvernance culturelle respectueuse de notre histoire, de nos valeurs et de notre identit\u00e9.<\/p>\n","protected":false},"excerpt":{"rendered":"Le minist\u00e8re de la Culture, de l\u2019Artisanat et du Tourisme, dirig\u00e9 par Amadou Ba, a \u00e9t\u00e9 inform\u00e9, \u00e0&hellip;\n","protected":false},"author":2,"featured_media":8325,"comment_status":"","ping_status":"","sticky":false,"template":"","format":"standard","meta":{"footnotes":""},"categories":[48],"tags":[279,5795,248,159,163,239,4499],"class_list":{"0":"post-8324","1":"post","2":"type-post","3":"status-publish","4":"format-standard","5":"has-post-thumbnail","7":"category-senegal","8":"tag-amadou-ba","9":"tag-oeuvre-dart","10":"tag-politique","11":"tag-senegal","12":"tag-senegal-actualites","13":"tag-societe","14":"tag-thies"},"share_on_mastodon":{"url":"","error":""},"_links":{"self":[{"href":"https:\/\/www.europesays.com\/africa\/wp-json\/wp\/v2\/posts\/8324","targetHints":{"allow":["GET"]}}],"collection":[{"href":"https:\/\/www.europesays.com\/africa\/wp-json\/wp\/v2\/posts"}],"about":[{"href":"https:\/\/www.europesays.com\/africa\/wp-json\/wp\/v2\/types\/post"}],"author":[{"embeddable":true,"href":"https:\/\/www.europesays.com\/africa\/wp-json\/wp\/v2\/users\/2"}],"replies":[{"embeddable":true,"href":"https:\/\/www.europesays.com\/africa\/wp-json\/wp\/v2\/comments?post=8324"}],"version-history":[{"count":0,"href":"https:\/\/www.europesays.com\/africa\/wp-json\/wp\/v2\/posts\/8324\/revisions"}],"wp:featuredmedia":[{"embeddable":true,"href":"https:\/\/www.europesays.com\/africa\/wp-json\/wp\/v2\/media\/8325"}],"wp:attachment":[{"href":"https:\/\/www.europesays.com\/africa\/wp-json\/wp\/v2\/media?parent=8324"}],"wp:term":[{"taxonomy":"category","embeddable":true,"href":"https:\/\/www.europesays.com\/africa\/wp-json\/wp\/v2\/categories?post=8324"},{"taxonomy":"post_tag","embeddable":true,"href":"https:\/\/www.europesays.com\/africa\/wp-json\/wp\/v2\/tags?post=8324"}],"curies":[{"name":"wp","href":"https:\/\/api.w.org\/{rel}","templated":true}]}}