{"id":8342,"date":"2026-01-07T01:55:12","date_gmt":"2026-01-07T01:55:12","guid":{"rendered":"https:\/\/www.europesays.com\/africa\/8342\/"},"modified":"2026-01-07T01:55:12","modified_gmt":"2026-01-07T01:55:12","slug":"reunion-du-comite-de-pilotage-pour-la-rehabilitation-des-zones-inondees","status":"publish","type":"post","link":"https:\/\/www.europesays.com\/africa\/8342\/","title":{"rendered":"R\u00e9union du comit\u00e9 de pilotage pour la r\u00e9habilitation des zones inond\u00e9es"},"content":{"rendered":"<p>Cette r\u00e9union consacre l&#8217;adh\u00e9sion effective \u00e0 la mise en \u0153uvre sur le terrain des axes de ce programme dans la mesure o\u00f9 le Comit\u00e9 de pilotage a \u00e9t\u00e9 mis en place en tant que cadre institutionnel et juridique inclusif, charg\u00e9 de veiller directement \u00e0 l&#8217;application et l&#8217;accompagnement des mesures convenues, d&#8217;assurer la coordination des interventions des diff\u00e9rents acteurs, de suivre les phases de r\u00e9alisation et d&#8217;\u00e9valuer l&#8217;impact concret des diff\u00e9rentes interventions. <\/p>\n<p>Les travaux techniques r\u00e9alis\u00e9s par les comit\u00e9s sp\u00e9cialis\u00e9s ont permis de proc\u00e9der \u00e0 un recensement pr\u00e9cis des habitations et des commerces affect\u00e9s et de faire le point sur l&#8217;\u00e9tat des voiries, des r\u00e9seaux et des infrastructures publiques, fournissant ainsi une base de donn\u00e9es ayant permis aux autorit\u00e9s locales d&#8217;\u00e9laborer les diff\u00e9rents volets du programme et d&#8217;en d\u00e9finir les axes prioritaires et les modalit\u00e9s de mise en \u0153uvre. <\/p>\n<p>Dans le m\u00eame contexte, il a \u00e9t\u00e9 proc\u00e9d\u00e9, lors de cette r\u00e9union, \u00e0 la pr\u00e9sentation des parties contractantes ainsi que les engagements de chacun des intervenants, outre un expos\u00e9 d\u00e9taill\u00e9 sur les principaux axes du programme portant sur le soutien \u00e0 la r\u00e9habilitation des habitations endommag\u00e9es, l\u2019accompagnement de la restauration des commerces touch\u00e9s et la contribution \u00e0 la reprise de leur activit\u00e9, ainsi que l\u2019appui aux marchands ambulants affect\u00e9s \u00e0 travers un projet visant \u00e0 les installer \u00e0 proximit\u00e9 de Bab Cha\u00e2ba. <\/p>\n<p>Ce programme comprend aussi un volet d\u00e9di\u00e9 \u00e0 l&#8217;am\u00e9nagement, au renforcement et \u00e0 la r\u00e9habilitation des voiries et zones affect\u00e9es, \u00e0 la r\u00e9alisation des travaux de nettoyage, de curage et de consolidation des canalisations, \u00e0 la mise \u00e0 niveau des centres sociaux et \u00e0 l\u2019appui \u00e0 l\u2019animation de proximit\u00e9 au niveau de la m\u00e9dina de Safi, en plus d\u2019initiatives en faveur des cat\u00e9gories affect\u00e9es. <\/p>\n<p>Dans ce cadre, et conform\u00e9ment aux Hautes Instructions de SM le Roi Mohammed VI, que Dieu L\u2019assiste, l\u2019accent a \u00e9t\u00e9 mis sur l\u2019importance de la mobilisation globale et du renforcement des m\u00e9canismes de coordination entre l\u2019ensemble des intervenants, de mani\u00e8re \u00e0 assurer l&#8217;ex\u00e9cution effective, coh\u00e9rente et int\u00e9gr\u00e9e des mesures programm\u00e9es. <\/p>\n<p>A cette occasion, les participants ont hautement salu\u00e9 ce noble Geste Royal, qui illustre la sollicitude constante dont Sa Majest\u00e9 le Roi, que Dieu Le pr\u00e9serve, ne cesse d&#8217;entourer les citoyens, et traduit l&#8217;esprit d&#8217;engagement et de responsabilit\u00e9 dans la gestion des r\u00e9percutions des catastrophes naturelles, \u00e0 travers une approche solidaire et globale fond\u00e9e sur la proximit\u00e9, l\u2019\u00e9coute et la satisfaction des besoins essentiels de la population. <\/p>\n<p>Dans ce sens, l\u2019ensemble des participants ont soulign\u00e9 que ce chantier repr\u00e9sente un mod\u00e8le d&#8217;approche coh\u00e9rente en mati\u00e8re de gestion des effets des catastrophes naturelles, pr\u00f4nant une action efficace sur le terrain et la f\u00e9d\u00e9ration des efforts \u00e0 m\u00eame de contribuer \u00e0 r\u00e9tablir l&#8217;\u00e9quilibre socio-\u00e9conomique dans les zones touch\u00e9es et \u00e0 renforcer la r\u00e9silience des territoires face aux \u00e9ventuels risques.<\/p>\n","protected":false},"excerpt":{"rendered":"Cette r\u00e9union consacre l&#8217;adh\u00e9sion effective \u00e0 la mise en \u0153uvre sur le terrain des axes de ce programme&hellip;\n","protected":false},"author":2,"featured_media":8343,"comment_status":"","ping_status":"","sticky":false,"template":"","format":"standard","meta":{"footnotes":""},"categories":[41],"tags":[554,553,555,556,563,565,560,567,561,557,162,566,564,558,559,158,562,248,239,310,568],"class_list":{"0":"post-8342","1":"post","2":"type-post","3":"status-publish","4":"format-standard","5":"has-post-thumbnail","7":"category-maroc","8":"tag-actualites","9":"tag-actualites-et-infos-au-maroc","10":"tag-actualites-et-infos-mondiale","11":"tag-actualites-marocaines-du-jour","12":"tag-alimentation","13":"tag-analyses","14":"tag-art-de-vivre","15":"tag-chronique","16":"tag-consommation-et-bien-etre","17":"tag-culture","18":"tag-economie","19":"tag-edito","20":"tag-etudes","21":"tag-insolite","22":"tag-loisirs","23":"tag-maroc","24":"tag-mode","25":"tag-politique","26":"tag-societe","27":"tag-sport","28":"tag-tribune"},"share_on_mastodon":{"url":"","error":""},"_links":{"self":[{"href":"https:\/\/www.europesays.com\/africa\/wp-json\/wp\/v2\/posts\/8342","targetHints":{"allow":["GET"]}}],"collection":[{"href":"https:\/\/www.europesays.com\/africa\/wp-json\/wp\/v2\/posts"}],"about":[{"href":"https:\/\/www.europesays.com\/africa\/wp-json\/wp\/v2\/types\/post"}],"author":[{"embeddable":true,"href":"https:\/\/www.europesays.com\/africa\/wp-json\/wp\/v2\/users\/2"}],"replies":[{"embeddable":true,"href":"https:\/\/www.europesays.com\/africa\/wp-json\/wp\/v2\/comments?post=8342"}],"version-history":[{"count":0,"href":"https:\/\/www.europesays.com\/africa\/wp-json\/wp\/v2\/posts\/8342\/revisions"}],"wp:featuredmedia":[{"embeddable":true,"href":"https:\/\/www.europesays.com\/africa\/wp-json\/wp\/v2\/media\/8343"}],"wp:attachment":[{"href":"https:\/\/www.europesays.com\/africa\/wp-json\/wp\/v2\/media?parent=8342"}],"wp:term":[{"taxonomy":"category","embeddable":true,"href":"https:\/\/www.europesays.com\/africa\/wp-json\/wp\/v2\/categories?post=8342"},{"taxonomy":"post_tag","embeddable":true,"href":"https:\/\/www.europesays.com\/africa\/wp-json\/wp\/v2\/tags?post=8342"}],"curies":[{"name":"wp","href":"https:\/\/api.w.org\/{rel}","templated":true}]}}