{"id":8359,"date":"2026-01-07T02:08:14","date_gmt":"2026-01-07T02:08:14","guid":{"rendered":"https:\/\/www.europesays.com\/africa\/8359\/"},"modified":"2026-01-07T02:08:14","modified_gmt":"2026-01-07T02:08:14","slug":"calomnie-et-accusations-gratuites-il-cherche-toujours-des-alibis","status":"publish","type":"post","link":"https:\/\/www.europesays.com\/africa\/8359\/","title":{"rendered":"\u00ab Calomnie et accusations gratuites\u2026 il cherche toujours des alibis \u00bb"},"content":{"rendered":"<p>\n\t\t\t\t\t Intervenant dans une \u00e9mission sur la cha\u00eene CNM, Doudou Wade a livr\u00e9 une analyse au vitriol de l\u2019attitude du chef du gouvernement s\u00e9n\u00e9galais. Selon l\u2019ancien d\u00e9put\u00e9, Ousmane Sonko serait davantage pr\u00e9occup\u00e9 par la r\u00e9solution de ses probl\u00e8mes personnels que par les d\u00e9fis auxquels fait face le pays.\u00a0\u00ab Ousmane Sonko est toujours dans la solution de ses propres probl\u00e8mes \u00bb, a d\u00e9clar\u00e9 l\u2019ancien parlementaire avec fermet\u00e9. Doudou Wade d\u00e9nonce ce qu\u2019il consid\u00e8re comme une strat\u00e9gie d\u2019\u00e9vitement syst\u00e9matique. L\u2019ancien parlementaire reproche au Premier ministre de recourir \u00e0 \u00ab la calomnie et des accusations gratuites \u00bb plut\u00f4t que d\u2019affronter les r\u00e9alit\u00e9s avec franchise. <br \/>\u00a0 <br \/>Pour Doudou Wade, cette approche r\u00e9v\u00e8le une incapacit\u00e9 \u00e0 g\u00e9rer les difficult\u00e9s avec les moyens l\u00e9gitimes dont dispose le chef du gouvernement. \u00ab Il ne peut pas affronter les difficult\u00e9s honn\u00eatement avec les armes qu\u2019il a dans la v\u00e9rit\u00e9 et dans la dur\u00e9e \u00bb, a-t-il martel\u00e9. <br \/>L\u2019ancien d\u00e9put\u00e9 estime que la gravit\u00e9 de la situation nationale impose \u00e0 Ousmane Sonko d\u2019assumer pleinement ses responsabilit\u00e9s : s\u2019exprimer clairement, prendre des d\u00e9cisions courageuses, voire envisager sa d\u00e9mission si n\u00e9cessaire. Mais selon lui, le Premier ministre chercherait constamment des \u00e9chappatoires.\u00a0\u00ab \u00c0 chaque fois, il est en train de rechercher un alibi \u00bb, a conclu Doudou Wade qui ajoute que le Premier ministre multiplierait les diversions pour \u00e9viter de rendre compte de son action gouvernementale.\n\t\t\t\t <\/p>\n","protected":false},"excerpt":{"rendered":"Intervenant dans une \u00e9mission sur la cha\u00eene CNM, Doudou Wade a livr\u00e9 une analyse au vitriol de l\u2019attitude&hellip;\n","protected":false},"author":2,"featured_media":8360,"comment_status":"","ping_status":"","sticky":false,"template":"","format":"standard","meta":{"footnotes":""},"categories":[48],"tags":[64,274,279,273,277,278,271,281,283,272,280,276,275,159,282],"class_list":{"0":"post-8359","1":"post","2":"type-post","3":"status-publish","4":"format-standard","5":"has-post-thumbnail","7":"category-senegal","8":"tag-afrique","9":"tag-aliou-cisse","10":"tag-amadou-ba","11":"tag-apr","12":"tag-bassirou-diomaye-faye","13":"tag-bathelemy-dias","14":"tag-dakar","15":"tag-el-malick-ndiaye","16":"tag-guy-marius-sagna","17":"tag-macky-sall","18":"tag-madiambal-diagne","19":"tag-ousmane-sonko","20":"tag-pastef","21":"tag-senegal","22":"tag-ziguinchor"},"share_on_mastodon":{"url":"","error":""},"_links":{"self":[{"href":"https:\/\/www.europesays.com\/africa\/wp-json\/wp\/v2\/posts\/8359","targetHints":{"allow":["GET"]}}],"collection":[{"href":"https:\/\/www.europesays.com\/africa\/wp-json\/wp\/v2\/posts"}],"about":[{"href":"https:\/\/www.europesays.com\/africa\/wp-json\/wp\/v2\/types\/post"}],"author":[{"embeddable":true,"href":"https:\/\/www.europesays.com\/africa\/wp-json\/wp\/v2\/users\/2"}],"replies":[{"embeddable":true,"href":"https:\/\/www.europesays.com\/africa\/wp-json\/wp\/v2\/comments?post=8359"}],"version-history":[{"count":0,"href":"https:\/\/www.europesays.com\/africa\/wp-json\/wp\/v2\/posts\/8359\/revisions"}],"wp:featuredmedia":[{"embeddable":true,"href":"https:\/\/www.europesays.com\/africa\/wp-json\/wp\/v2\/media\/8360"}],"wp:attachment":[{"href":"https:\/\/www.europesays.com\/africa\/wp-json\/wp\/v2\/media?parent=8359"}],"wp:term":[{"taxonomy":"category","embeddable":true,"href":"https:\/\/www.europesays.com\/africa\/wp-json\/wp\/v2\/categories?post=8359"},{"taxonomy":"post_tag","embeddable":true,"href":"https:\/\/www.europesays.com\/africa\/wp-json\/wp\/v2\/tags?post=8359"}],"curies":[{"name":"wp","href":"https:\/\/api.w.org\/{rel}","templated":true}]}}