{"id":8373,"date":"2026-01-07T02:22:50","date_gmt":"2026-01-07T02:22:50","guid":{"rendered":"https:\/\/www.europesays.com\/africa\/8373\/"},"modified":"2026-01-07T02:22:50","modified_gmt":"2026-01-07T02:22:50","slug":"les-images-du-violent-accident-de-circulation-video","status":"publish","type":"post","link":"https:\/\/www.europesays.com\/africa\/8373\/","title":{"rendered":"Les images du violent accident de circulation (vid\u00e9o)"},"content":{"rendered":"<p class=\"firstp\">Un grave accident de la circulation s\u2019est produit hier lundi aux environs de 15 heures sur la route Louga\u2013Gu\u00e9oul. Un bus assurant la liaison entre Saint-Louis et Dakar a d\u00e9rap\u00e9 avant de se renverser \u00e0 hauteur du village de Kelle Gu\u00e8ye.<\/p>\n<p data-start=\"379\" data-end=\"594\">Le bilan provisoire fait \u00e9tat d\u2019<a href=\"https:\/\/www.senenews.com\/actualites\/accident-spectaculaire-a-sedhiou-un-car-heurte-une-vache-plusieurs-blesses_571649.html\" rel=\"nofollow noopener\" target=\"_blank\">un mort et de 45 bless\u00e9s<\/a>, dont 13 dans un \u00e9tat jug\u00e9 grave. L\u2019ensemble des victimes a \u00e9t\u00e9 pris en charge et \u00e9vacu\u00e9 vers l\u2019h\u00f4pital Amadou Sakhir Mbaye de Louga par les sapeurs-pompiers.\n<\/p>\n<p data-start=\"596\" data-end=\"873\" data-is-last-node=\"\" data-is-only-node=\"\">Selon des sources concordantes, le chauffeur aurait tent\u00e9 d\u2019\u00e9viter une moto de type Jakarta, avant de perdre le contr\u00f4le du v\u00e9hicule. Le bus s\u2019est finalement renvers\u00e9 \u00e0 proximit\u00e9 du coll\u00e8ge et de l\u2019\u00e9cole \u00e9l\u00e9mentaire de Kelle Gu\u00e8ye, provoquant une vive \u00e9motion dans la localit\u00e9.<\/p>\n","protected":false},"excerpt":{"rendered":"Un grave accident de la circulation s\u2019est produit hier lundi aux environs de 15 heures sur la route&hellip;\n","protected":false},"author":2,"featured_media":8374,"comment_status":"","ping_status":"","sticky":false,"template":"","format":"standard","meta":{"footnotes":""},"categories":[48],"tags":[1740,159,163,4189,239],"class_list":{"0":"post-8373","1":"post","2":"type-post","3":"status-publish","4":"format-standard","5":"has-post-thumbnail","7":"category-senegal","8":"tag-accident","9":"tag-senegal","10":"tag-senegal-actualites","11":"tag-senenews-tv","12":"tag-societe"},"share_on_mastodon":{"url":"","error":""},"_links":{"self":[{"href":"https:\/\/www.europesays.com\/africa\/wp-json\/wp\/v2\/posts\/8373","targetHints":{"allow":["GET"]}}],"collection":[{"href":"https:\/\/www.europesays.com\/africa\/wp-json\/wp\/v2\/posts"}],"about":[{"href":"https:\/\/www.europesays.com\/africa\/wp-json\/wp\/v2\/types\/post"}],"author":[{"embeddable":true,"href":"https:\/\/www.europesays.com\/africa\/wp-json\/wp\/v2\/users\/2"}],"replies":[{"embeddable":true,"href":"https:\/\/www.europesays.com\/africa\/wp-json\/wp\/v2\/comments?post=8373"}],"version-history":[{"count":0,"href":"https:\/\/www.europesays.com\/africa\/wp-json\/wp\/v2\/posts\/8373\/revisions"}],"wp:featuredmedia":[{"embeddable":true,"href":"https:\/\/www.europesays.com\/africa\/wp-json\/wp\/v2\/media\/8374"}],"wp:attachment":[{"href":"https:\/\/www.europesays.com\/africa\/wp-json\/wp\/v2\/media?parent=8373"}],"wp:term":[{"taxonomy":"category","embeddable":true,"href":"https:\/\/www.europesays.com\/africa\/wp-json\/wp\/v2\/categories?post=8373"},{"taxonomy":"post_tag","embeddable":true,"href":"https:\/\/www.europesays.com\/africa\/wp-json\/wp\/v2\/tags?post=8373"}],"curies":[{"name":"wp","href":"https:\/\/api.w.org\/{rel}","templated":true}]}}