{"id":8393,"date":"2026-01-07T02:37:26","date_gmt":"2026-01-07T02:37:26","guid":{"rendered":"https:\/\/www.europesays.com\/africa\/8393\/"},"modified":"2026-01-07T02:37:26","modified_gmt":"2026-01-07T02:37:26","slug":"d-a-keita-multirecidiviste-de-22-ans-risque-un-an-ferme-pour-vol-dans-une-maison","status":"publish","type":"post","link":"https:\/\/www.europesays.com\/africa\/8393\/","title":{"rendered":"D. A. Keita, multir\u00e9cidiviste de 22 ans, risque un an ferme pour vol dans une maison"},"content":{"rendered":"<p>\n\t\t\t\t\t La justice continue de suivre de pr\u00e8s le parcours judiciaire de Di\u00e9 Astou Keita, 22 ans, sans emploi et d\u00e9j\u00e0 multir\u00e9cidiviste. Jug\u00e9e hier, lundi 5 janvier 2026, devant le tribunal d\u2019instance de Dakar pour des faits de vol similaires \u00e0 ceux pour lesquels elle avait d\u00e9j\u00e0 \u00e9t\u00e9 condamn\u00e9e, elle risque d\u00e9sormais 1 an de prison ferme, rapporte Les \u00c9chos. <br \/>\u00a0 <br \/>Selon le quotidien, cette jeune femme domicili\u00e9e \u00e0 Niary Tally est une habitu\u00e9e des pr\u00e9toires : elle cumule d\u00e9j\u00e0 trois condamnations pour vol (6, 3 et 2 mois ferme). Cette fois, la plaignante est Mari\u00e9tou Sankhar\u00e9, transformatrice de son \u00e9tat, qui accuse Di\u00e9 Astou Keita de s\u2019\u00eatre pr\u00e9sent\u00e9e \u00e0 son domicile aux environs de 11 heures sous pr\u00e9texte de vendre des articles. <br \/>\u00a0 <br \/>Au lieu de repartir apr\u00e8s la tentative de vente infructueuse, Di\u00e9 Astou Keita est rest\u00e9e dans la maison. Profitant de l\u2019inattention de la victime, occup\u00e9e dans la cuisine, elle s\u2019est empar\u00e9e d\u2019une pochette laiss\u00e9e dans le salon. La cam\u00e9ra de surveillance du domicile a film\u00e9 le vol, ce qui a permis aux forces de l\u2019ordre d\u2019interpeller la suspecte. <br \/>\u00a0 <br \/>La victime a racont\u00e9 : \u00ab Le jour-l\u00e0, mes enfants n\u2019ont pas d\u00e9jeun\u00e9 puisqu\u2019elle a vol\u00e9 ma d\u00e9pense quotidienne, mon portable, 2 500 FCFA ainsi que mes paires de lunettes. \u00bb <br \/>\u00a0 <br \/>Interrog\u00e9e par le tribunal, Di\u00e9 Astou Keita a d\u2019abord ni\u00e9 les faits avant de reconna\u00eetre son acte, admettant m\u00eame s\u2019\u00eatre rendue \u00e0 Colobane pour vendre le portable \u00e0 10 000 FCFA et acheter de l\u2019alcool. En larmes, elle a demand\u00e9 au tribunal de lui permettre de retourner \u00e0 Diourbel. <br \/>\u00a0 <br \/>Mais la repr\u00e9sentante du parquet n\u2019a pas \u00e9t\u00e9 cl\u00e9mente : \u00ab Tu ne fais rien \u00e0 Dakar. Tu ne fais que voler. C\u2019est en prison que vous formez vos gangs. Aujourd\u2019hui, tu \u00e9coperas de 1 an de prison ferme, et apr\u00e8s cette peine tu rentreras \u00e0 Diourbel directement. Tant que tu n\u2019arr\u00eates pas de fumer et de boire de l\u2019alcool, tu voleras toujours \u00bb, a-t-elle ass\u00e9n\u00e9. <br \/>\u00a0 <br \/>Le d\u00e9lib\u00e9r\u00e9 sera rendu ce vendredi, selon Les \u00c9chos, scellant le sort de cette jeune multir\u00e9cidiviste. <br \/>\u00a0\n\t\t\t\t <\/p>\n","protected":false},"excerpt":{"rendered":"La justice continue de suivre de pr\u00e8s le parcours judiciaire de Di\u00e9 Astou Keita, 22 ans, sans emploi&hellip;\n","protected":false},"author":2,"featured_media":8394,"comment_status":"","ping_status":"","sticky":false,"template":"","format":"standard","meta":{"footnotes":""},"categories":[48],"tags":[64,274,279,273,277,278,271,281,283,272,280,276,275,159,282],"class_list":{"0":"post-8393","1":"post","2":"type-post","3":"status-publish","4":"format-standard","5":"has-post-thumbnail","7":"category-senegal","8":"tag-afrique","9":"tag-aliou-cisse","10":"tag-amadou-ba","11":"tag-apr","12":"tag-bassirou-diomaye-faye","13":"tag-bathelemy-dias","14":"tag-dakar","15":"tag-el-malick-ndiaye","16":"tag-guy-marius-sagna","17":"tag-macky-sall","18":"tag-madiambal-diagne","19":"tag-ousmane-sonko","20":"tag-pastef","21":"tag-senegal","22":"tag-ziguinchor"},"share_on_mastodon":{"url":"","error":""},"_links":{"self":[{"href":"https:\/\/www.europesays.com\/africa\/wp-json\/wp\/v2\/posts\/8393","targetHints":{"allow":["GET"]}}],"collection":[{"href":"https:\/\/www.europesays.com\/africa\/wp-json\/wp\/v2\/posts"}],"about":[{"href":"https:\/\/www.europesays.com\/africa\/wp-json\/wp\/v2\/types\/post"}],"author":[{"embeddable":true,"href":"https:\/\/www.europesays.com\/africa\/wp-json\/wp\/v2\/users\/2"}],"replies":[{"embeddable":true,"href":"https:\/\/www.europesays.com\/africa\/wp-json\/wp\/v2\/comments?post=8393"}],"version-history":[{"count":0,"href":"https:\/\/www.europesays.com\/africa\/wp-json\/wp\/v2\/posts\/8393\/revisions"}],"wp:featuredmedia":[{"embeddable":true,"href":"https:\/\/www.europesays.com\/africa\/wp-json\/wp\/v2\/media\/8394"}],"wp:attachment":[{"href":"https:\/\/www.europesays.com\/africa\/wp-json\/wp\/v2\/media?parent=8393"}],"wp:term":[{"taxonomy":"category","embeddable":true,"href":"https:\/\/www.europesays.com\/africa\/wp-json\/wp\/v2\/categories?post=8393"},{"taxonomy":"post_tag","embeddable":true,"href":"https:\/\/www.europesays.com\/africa\/wp-json\/wp\/v2\/tags?post=8393"}],"curies":[{"name":"wp","href":"https:\/\/api.w.org\/{rel}","templated":true}]}}