{"id":8412,"date":"2026-01-07T02:52:24","date_gmt":"2026-01-07T02:52:24","guid":{"rendered":"https:\/\/www.europesays.com\/africa\/8412\/"},"modified":"2026-01-07T02:52:24","modified_gmt":"2026-01-07T02:52:24","slug":"pape-ale-niang-annonce-lapurement-des-arrieres-du-personnel","status":"publish","type":"post","link":"https:\/\/www.europesays.com\/africa\/8412\/","title":{"rendered":"Pape Al\u00e9 Niang annonce l\u2019apurement des arri\u00e9r\u00e9s du personnel"},"content":{"rendered":"<p class=\"firstp\">Dans une note interne relay\u00e9e par le quotidien Lib\u00e9ration, le directeur g\u00e9n\u00e9ral de la RTS, Pape Al\u00e9 Niang, a annonc\u00e9 l\u2019apurement int\u00e9gral des arri\u00e9r\u00e9s dus au personnel au titre de la p\u00e9riode 2022-2024. Cette mesure concerne notamment les reliquats d\u2019ordres de mission, les cotisations \u00e0 la Coop\u00e9rative d\u2019habitat, \u00e0 la Mutuelle sociale des travailleurs, ainsi que les droits li\u00e9s au repos.<\/p>\n<p data-start=\"541\" data-end=\"1056\">S\u2019agissant de l\u2019Institution de pr\u00e9voyance maladie (IPM), un acompte jug\u00e9 significatif a d\u00e9j\u00e0 \u00e9t\u00e9 vers\u00e9. La direction g\u00e9n\u00e9rale s\u2019est par ailleurs engag\u00e9e \u00e0 solder le reliquat \u00e0 travers un moratoire. Pour la <a href=\"https:\/\/www.senenews.com\/actualites\/rumeurs-sur-sa-remuneration-et-la-rts-pape-ale-niang-brise-le-silence-et-clarifie_570987.html\" rel=\"nofollow noopener\" target=\"_blank\">RTS<\/a>, cette op\u00e9ration s\u2019inscrit dans une dynamique de redressement et vise \u00e0 restaurer la confiance avec les partenaires sociaux et institutionnels. \u00ab Elle traduit la volont\u00e9 ferme de garantir une gestion rigoureuse des ressources et de cr\u00e9er un environnement de travail serein et motivant \u00bb, souligne la note.\n<\/p>\n<p data-start=\"1058\" data-end=\"1320\">Cette annonce intervient toutefois dans un contexte de forte tension sociale au sein de la RTS. Les syndicats repr\u00e9sentatifs, notamment le SYNPICS et le SYNPAP, continuent de d\u00e9noncer un mode de gestion qu\u2019ils qualifient de \u00ab solitaire, opaque et client\u00e9liste \u00bb.<\/p>\n<p data-start=\"1322\" data-end=\"1694\" data-is-last-node=\"\" data-is-only-node=\"\">Les travailleurs \u00e9voquent en particulier des zones d\u2019ombre dans l\u2019attribution de certains march\u00e9s publics, citant le dossier du \u00ab Village de la CAN \u00bb, dont la gestion aurait \u00e9t\u00e9 confi\u00e9e, selon eux, \u00e0 un proche du directeur g\u00e9n\u00e9ral, dans des conditions jug\u00e9es peu transparentes. Une situation qui maintient le front social sous pression malgr\u00e9 les annonces de la direction.<\/p>\n","protected":false},"excerpt":{"rendered":"Dans une note interne relay\u00e9e par le quotidien Lib\u00e9ration, le directeur g\u00e9n\u00e9ral de la RTS, Pape Al\u00e9 Niang,&hellip;\n","protected":false},"author":2,"featured_media":8413,"comment_status":"","ping_status":"","sticky":false,"template":"","format":"standard","meta":{"footnotes":""},"categories":[48],"tags":[5835,1280,159,163,239],"class_list":{"0":"post-8412","1":"post","2":"type-post","3":"status-publish","4":"format-standard","5":"has-post-thumbnail","7":"category-senegal","8":"tag-pape-ale-niang","9":"tag-rts","10":"tag-senegal","11":"tag-senegal-actualites","12":"tag-societe"},"share_on_mastodon":{"url":"","error":""},"_links":{"self":[{"href":"https:\/\/www.europesays.com\/africa\/wp-json\/wp\/v2\/posts\/8412","targetHints":{"allow":["GET"]}}],"collection":[{"href":"https:\/\/www.europesays.com\/africa\/wp-json\/wp\/v2\/posts"}],"about":[{"href":"https:\/\/www.europesays.com\/africa\/wp-json\/wp\/v2\/types\/post"}],"author":[{"embeddable":true,"href":"https:\/\/www.europesays.com\/africa\/wp-json\/wp\/v2\/users\/2"}],"replies":[{"embeddable":true,"href":"https:\/\/www.europesays.com\/africa\/wp-json\/wp\/v2\/comments?post=8412"}],"version-history":[{"count":0,"href":"https:\/\/www.europesays.com\/africa\/wp-json\/wp\/v2\/posts\/8412\/revisions"}],"wp:featuredmedia":[{"embeddable":true,"href":"https:\/\/www.europesays.com\/africa\/wp-json\/wp\/v2\/media\/8413"}],"wp:attachment":[{"href":"https:\/\/www.europesays.com\/africa\/wp-json\/wp\/v2\/media?parent=8412"}],"wp:term":[{"taxonomy":"category","embeddable":true,"href":"https:\/\/www.europesays.com\/africa\/wp-json\/wp\/v2\/categories?post=8412"},{"taxonomy":"post_tag","embeddable":true,"href":"https:\/\/www.europesays.com\/africa\/wp-json\/wp\/v2\/tags?post=8412"}],"curies":[{"name":"wp","href":"https:\/\/api.w.org\/{rel}","templated":true}]}}