{"id":8431,"date":"2026-01-07T03:05:25","date_gmt":"2026-01-07T03:05:25","guid":{"rendered":"https:\/\/www.europesays.com\/africa\/8431\/"},"modified":"2026-01-07T03:05:25","modified_gmt":"2026-01-07T03:05:25","slug":"can-2025-le-programme-des-matchs-daujourdhui-mardi-6-janvier-avec-un-choc-pour-lalgerie","status":"publish","type":"post","link":"https:\/\/www.europesays.com\/africa\/8431\/","title":{"rendered":"CAN 2025\u00a0: le programme des matchs d\u2019aujourd\u2019hui mardi 6\u00a0janvier avec un choc pour l\u2019Alg\u00e9rie"},"content":{"rendered":"<p class=\"paragraph text_align_left lp-f-body-02\">Les huit meilleures \u00e9quipes de la <a href=\"https:\/\/www.leparisien.fr\/sports\/football\/coupe-d-afrique-des-nations\/\" target=\"_self\" rel=\"nofollow noopener\">Coupe d\u2019Afrique des nations 2025<\/a> seront connues ce mardi soir. Deux belles affiches &#8211; dont le choc de ce d\u00e9but de phase \u00e0 \u00e9limination directe &#8211; <a href=\"https:\/\/www.leparisien.fr\/sports\/football\/coupe-d-afrique-des-nations\/can-2025-le-tableau-complet-des-matchs-des-8es-de-finale-avec-les-dates-et-les-horaires-31-12-2025-DB6EECEXRZGPPDCW5HGFLYBG2M.php\" target=\"_self\" rel=\"nofollow noopener\">des huiti\u00e8mes de finale du tournoi<\/a> se tiendront au Maroc.<\/p>\n<p class=\"\">La partie a \u00e9t\u00e9 surlign\u00e9e par les principaux concern\u00e9s et par l\u2019ensemble de suiveurs du tournoi : l\u2019<a href=\"https:\/\/www.leparisien.fr\/sports\/football\/algerie\/\" target=\"_self\" rel=\"nofollow noopener\">Alg\u00e9rie<\/a> a rendez-vous avec la R\u00e9publique d\u00e9mocratique du Congo au stade Prince Moulay El Hassan de Rabat. La <a href=\"https:\/\/www.leparisien.fr\/sports\/football\/cote-d-ivoire\/\" target=\"_self\" rel=\"nofollow noopener\">C\u00f4te d\u2019Ivoire<\/a>, elle, d\u00e9fiera le Burkina Faso au Stade de Marrakech.<\/p>\n<p class=\"\">Les matchs du 6 janvier<\/p>\n<p class=\"\">Huiti\u00e8mes de finale :<\/p>\n<p class=\"\">Alg\u00e9rie &#8211; R\u00e9publique d\u00e9mocratique du Congo (17 heures, comment\u00e9 en direct sur Le Parisien)<\/p>\n<p class=\"\">C\u00f4te d\u2019Ivoire &#8211; Burkina Faso (20 heures, comment\u00e9 en direct sur Le Parisien)<\/p>\n<p class=\"\">Les Fennecs sortent d\u2019une <a href=\"https:\/\/www.leparisien.fr\/sports\/football\/coupe-d-afrique-des-nations\/guinee-equatoriale-algerie-1-3-recital-offensif-buts-magnifiques-le-show-des-fennecs-en-images-31-12-2025-HXWI7JVRBFHPVNFGPIUHG4BYWY.php\" target=\"_self\" rel=\"nofollow noopener\">phase de poules ma\u00eetris\u00e9e et spectaculaire<\/a>. Trois victoires en trois matchs, neuf points et une diff\u00e9rence de buts avantageuse (+ 6), mais une adversit\u00e9 moins relev\u00e9e que celle exp\u00e9riment\u00e9e par les L\u00e9opards. Ces derniers ont tenu en \u00e9chec le S\u00e9n\u00e9gal, qui les a devanc\u00e9s au goal-average dans le groupe D.<\/p>\n<p class=\"\">Les champions en titre ivoiriens se sont pour leur part extraits de l\u2019un des groupes les plus pi\u00e9geux de la CAN. Sept points collectionn\u00e9s dans un tableau compos\u00e9 du Cameroun, du Mozambique et du Gabon, c\u2019est une belle performance. Ils passeront au r\u00e9v\u00e9lateur burkinab\u00e9, deuxi\u00e8me de la poule E derri\u00e8re l\u2019Alg\u00e9rie.<\/p>\n","protected":false},"excerpt":{"rendered":"Les huit meilleures \u00e9quipes de la Coupe d\u2019Afrique des nations 2025 seront connues ce mardi soir. Deux belles&hellip;\n","protected":false},"author":2,"featured_media":8432,"comment_status":"","ping_status":"","sticky":false,"template":"","format":"standard","meta":{"footnotes":""},"categories":[254],"tags":[255,360,311,264],"class_list":{"0":"post-8431","1":"post","2":"type-post","3":"status-publish","4":"format-standard","5":"has-post-thumbnail","7":"category-algerie","8":"tag-algerie","9":"tag-can","10":"tag-football","11":"tag-sports"},"share_on_mastodon":{"url":"","error":""},"_links":{"self":[{"href":"https:\/\/www.europesays.com\/africa\/wp-json\/wp\/v2\/posts\/8431","targetHints":{"allow":["GET"]}}],"collection":[{"href":"https:\/\/www.europesays.com\/africa\/wp-json\/wp\/v2\/posts"}],"about":[{"href":"https:\/\/www.europesays.com\/africa\/wp-json\/wp\/v2\/types\/post"}],"author":[{"embeddable":true,"href":"https:\/\/www.europesays.com\/africa\/wp-json\/wp\/v2\/users\/2"}],"replies":[{"embeddable":true,"href":"https:\/\/www.europesays.com\/africa\/wp-json\/wp\/v2\/comments?post=8431"}],"version-history":[{"count":0,"href":"https:\/\/www.europesays.com\/africa\/wp-json\/wp\/v2\/posts\/8431\/revisions"}],"wp:featuredmedia":[{"embeddable":true,"href":"https:\/\/www.europesays.com\/africa\/wp-json\/wp\/v2\/media\/8432"}],"wp:attachment":[{"href":"https:\/\/www.europesays.com\/africa\/wp-json\/wp\/v2\/media?parent=8431"}],"wp:term":[{"taxonomy":"category","embeddable":true,"href":"https:\/\/www.europesays.com\/africa\/wp-json\/wp\/v2\/categories?post=8431"},{"taxonomy":"post_tag","embeddable":true,"href":"https:\/\/www.europesays.com\/africa\/wp-json\/wp\/v2\/tags?post=8431"}],"curies":[{"name":"wp","href":"https:\/\/api.w.org\/{rel}","templated":true}]}}