{"id":8453,"date":"2026-01-07T03:20:25","date_gmt":"2026-01-07T03:20:25","guid":{"rendered":"https:\/\/www.europesays.com\/africa\/8453\/"},"modified":"2026-01-07T03:20:25","modified_gmt":"2026-01-07T03:20:25","slug":"un-marchand-ambulant-retrouve-pendu-dans-un-enclos-lombre-des-paris-sportifs-plane-sur-le-drame","status":"publish","type":"post","link":"https:\/\/www.europesays.com\/africa\/8453\/","title":{"rendered":"un marchand ambulant retrouv\u00e9 pendu dans un enclos , l\u2019ombre des paris sportifs plane sur le drame"},"content":{"rendered":"<p>\n\t\t\t\t\t Le quartier Layenne de Yeumbeul-Sud a \u00e9t\u00e9 le th\u00e9\u00e2tre d\u2019une d\u00e9couverte macabre qui a plong\u00e9 les habitants dans la stupeur. Un marchand ambulant de 28 ans a \u00e9t\u00e9 retrouv\u00e9 pendu, hier en d\u00e9but d\u2019apr\u00e8s-midi, dans un enclos situ\u00e9 sur la terrasse d\u2019un b\u00e2timent R+1. Pour l\u2019heure, la th\u00e8se du suicide est privil\u00e9gi\u00e9e, en attendant les conclusions de l\u2019autopsie ordonn\u00e9e \u00e0 l\u2019h\u00f4pital Idrissa Pouye de Grand-Yoff, rapporte L\u2019Observateur. <br \/>\u00a0 <br \/>Selon le r\u00e9cit du quotidien, il \u00e9tait environ 15 heures lorsque Fallou K., agent de suivi logistique, monte sur la terrasse de la maison afin de passer un appel t\u00e9l\u00e9phonique \u00e0 l\u2019abri du bruit. T\u00e9l\u00e9phone coll\u00e9 \u00e0 l\u2019oreille, il arpente les lieux du regard. En s\u2019approchant de l\u2019enclos install\u00e9 sur la terrasse, il jette un coup d\u2019\u0153il \u00e0 l\u2019int\u00e9rieur et se retrouve face \u00e0 une sc\u00e8ne d\u2019horreur : un corps humain suspendu dans le vide, un long c\u00e2ble de t\u00e9l\u00e9vision solidement nou\u00e9 autour du cou. <br \/>\u00a0 <br \/>Sous le choc, il interrompt imm\u00e9diatement sa communication et s\u2019approche davantage. Il reconna\u00eet alors Amadou F., son cohabitant. L\u2019alerte est aussit\u00f4t donn\u00e9e. Les cris attirent les occupants de la maison et les voisins. Tr\u00e8s vite, la terrasse se remplit. \u00c0 l\u2019identification du corps, pleurs et cris de douleur d\u00e9chirent le silence, tandis que certains alertent la police de Yeumbeul-Sud, qui se rend sans d\u00e9lai sur les lieux, pr\u00e9cise L\u2019Observateur. <br \/>\u00a0 <br \/>Les parents du d\u00e9funt, interrog\u00e9s par les forces de l\u2019ordre, confirment l\u2019identit\u00e9 de la victime. Le jeune homme portait un maillot blanc et un pantalon rouge. Les premiers constats n\u2019ont r\u00e9v\u00e9l\u00e9 aucune trace de lutte, renfor\u00e7ant la piste du suicide. Les enqu\u00eateurs ont toutefois relev\u00e9 la pr\u00e9sence d\u2019un banc en bois, que le d\u00e9funt aurait utilis\u00e9 pour mettre fin \u00e0 ses jours. <br \/>\u00a0 <br \/>Apr\u00e8s les constatations d\u2019usage, le corps d\u2019Amadou F. a \u00e9t\u00e9 achemin\u00e9 \u00e0 l\u2019h\u00f4pital Idrissa Pouye de Grand-Yoff (ex-Hoggy) pour les besoins de l\u2019autopsie. Si la pendaison volontaire demeure, \u00e0 ce stade, l\u2019hypoth\u00e8se principale, les r\u00e9sultats m\u00e9dico-l\u00e9gaux devront pr\u00e9ciser les circonstances exactes du d\u00e9c\u00e8s, souligne L\u2019Observateur. <br \/>\u00a0 <br \/>Apr\u00e8s l\u2019enl\u00e8vement du corps, des proches du d\u00e9funt ont confi\u00e9 aux enqu\u00eateurs que le jeune marchand ambulant s\u2019adonnait intens\u00e9ment aux paris sportifs. \u00ab\u00a0Il y \u00e9tait devenu accro\u00a0\u00bb, a t\u00e9moign\u00e9 l\u2019un d\u2019eux, laissant planer le soup\u00e7on d\u2019une d\u00e9tresse psychologique li\u00e9e \u00e0 cette d\u00e9pendance. <br \/>\u00a0\n\t\t\t\t <\/p>\n","protected":false},"excerpt":{"rendered":"Le quartier Layenne de Yeumbeul-Sud a \u00e9t\u00e9 le th\u00e9\u00e2tre d\u2019une d\u00e9couverte macabre qui a plong\u00e9 les habitants dans&hellip;\n","protected":false},"author":2,"featured_media":8454,"comment_status":"","ping_status":"","sticky":false,"template":"","format":"standard","meta":{"footnotes":""},"categories":[48],"tags":[64,274,279,273,277,278,271,281,283,272,280,276,275,159,282],"class_list":{"0":"post-8453","1":"post","2":"type-post","3":"status-publish","4":"format-standard","5":"has-post-thumbnail","7":"category-senegal","8":"tag-afrique","9":"tag-aliou-cisse","10":"tag-amadou-ba","11":"tag-apr","12":"tag-bassirou-diomaye-faye","13":"tag-bathelemy-dias","14":"tag-dakar","15":"tag-el-malick-ndiaye","16":"tag-guy-marius-sagna","17":"tag-macky-sall","18":"tag-madiambal-diagne","19":"tag-ousmane-sonko","20":"tag-pastef","21":"tag-senegal","22":"tag-ziguinchor"},"share_on_mastodon":{"url":"","error":""},"_links":{"self":[{"href":"https:\/\/www.europesays.com\/africa\/wp-json\/wp\/v2\/posts\/8453","targetHints":{"allow":["GET"]}}],"collection":[{"href":"https:\/\/www.europesays.com\/africa\/wp-json\/wp\/v2\/posts"}],"about":[{"href":"https:\/\/www.europesays.com\/africa\/wp-json\/wp\/v2\/types\/post"}],"author":[{"embeddable":true,"href":"https:\/\/www.europesays.com\/africa\/wp-json\/wp\/v2\/users\/2"}],"replies":[{"embeddable":true,"href":"https:\/\/www.europesays.com\/africa\/wp-json\/wp\/v2\/comments?post=8453"}],"version-history":[{"count":0,"href":"https:\/\/www.europesays.com\/africa\/wp-json\/wp\/v2\/posts\/8453\/revisions"}],"wp:featuredmedia":[{"embeddable":true,"href":"https:\/\/www.europesays.com\/africa\/wp-json\/wp\/v2\/media\/8454"}],"wp:attachment":[{"href":"https:\/\/www.europesays.com\/africa\/wp-json\/wp\/v2\/media?parent=8453"}],"wp:term":[{"taxonomy":"category","embeddable":true,"href":"https:\/\/www.europesays.com\/africa\/wp-json\/wp\/v2\/categories?post=8453"},{"taxonomy":"post_tag","embeddable":true,"href":"https:\/\/www.europesays.com\/africa\/wp-json\/wp\/v2\/tags?post=8453"}],"curies":[{"name":"wp","href":"https:\/\/api.w.org\/{rel}","templated":true}]}}