{"id":8494,"date":"2026-01-07T03:49:24","date_gmt":"2026-01-07T03:49:24","guid":{"rendered":"https:\/\/www.europesays.com\/africa\/8494\/"},"modified":"2026-01-07T03:49:24","modified_gmt":"2026-01-07T03:49:24","slug":"letat-sonne-lalarme-sur-le-simol-un-lutteur-place-en-garde-a-vue","status":"publish","type":"post","link":"https:\/\/www.europesays.com\/africa\/8494\/","title":{"rendered":"l\u2019\u00c9tat sonne l\u2019alarme sur le \u00ab Simol \u00bb, un lutteur plac\u00e9 en garde \u00e0 vue"},"content":{"rendered":"<p>\n\t\t\t\t\t Les combats de lutte, cens\u00e9s \u00eatre des moments de ferveur populaire et de communion sportive, se retrouvent une nouvelle fois \u00e9clabouss\u00e9s par des actes de violence collective. Le ph\u00e9nom\u00e8ne du \u00ab Simol \u00bb, caract\u00e9ris\u00e9 par des agressions massives et group\u00e9es en marge des combats, inqui\u00e8te d\u00e9sormais au plus haut sommet de l\u2019\u00c9tat. Le ministre de l\u2019Int\u00e9rieur et de la S\u00e9curit\u00e9 publique est mont\u00e9 au cr\u00e9neau pour mettre en garde contre ces d\u00e9rives qui menacent l\u2019ordre public. <br \/>\u00a0 <br \/>Selon Lib\u00e9ration, un pas important vient d\u2019\u00eatre franchi dans la riposte judiciaire. Le lutteur Abdou L\u00f4 S\u00e8ne a \u00e9t\u00e9 plac\u00e9 en garde \u00e0 vue hier pour n\u00e9cessit\u00e9 de l\u2019enqu\u00eate, dans le cadre des actes de d\u00e9linquance enregistr\u00e9s durant le week-end \u00e0 l\u2019arr\u00eat Dial Mbaye, un point devenu tristement c\u00e9l\u00e8bre pour les violences post-combats. <br \/>\u00a0 <br \/>D\u2019apr\u00e8s les informations rapport\u00e9es par Lib\u00e9ration, l\u2019interpellation du lutteur fait suite \u00e0 l\u2019identification de plusieurs vid\u00e9os largement relay\u00e9es, montrant des sc\u00e8nes d\u2019agression attribu\u00e9es \u00e0 des groupes organis\u00e9s. Entendu par les enqu\u00eateurs, Abdou L\u00f4 S\u00e8ne a, dans un premier temps, reconnu que les faits incrimin\u00e9s se seraient d\u00e9roul\u00e9s \u00e0 hauteur de l\u2019arr\u00eat Dial Mbaye, mais a tent\u00e9 de s\u2019en d\u00e9marquer en invoquant les circonstances de son passage dans la zone. <br \/>\u00a0 <br \/>Interrog\u00e9 sur l\u2019identit\u00e9 des personnes qui l\u2019accompagnaient au moment des incidents, le mis en cause a d\u00e9clar\u00e9 \u00eatre suivi habituellement par onze individus, qui l\u2019escorteraient \u00e0 pied de son domicile jusqu\u2019\u00e0 l\u2019ar\u00e8ne et inversement. Une pr\u00e9cision qui, loin de le disculper, a renforc\u00e9 les soup\u00e7ons des enqu\u00eateurs sur l\u2019existence de groupes structur\u00e9s gravitant autour de certains lutteurs. <br \/>\u00a0 <br \/>Toujours selon Lib\u00e9ration, Abdou L\u00f4 S\u00e8ne, pr\u00e9sent\u00e9 comme un repris de justice, a \u00e9galement tent\u00e9 de justifier la pr\u00e9sence de son convoi en \u00e9voquant un contexte sportif confus. Il a affirm\u00e9 qu\u2019apr\u00e8s l\u2019annulation de son combat initialement pr\u00e9vu le 4 janvier 2026 contre le lutteur Baba Diakhal, un second adversaire, Thiatou Pathe, lui aurait \u00e9t\u00e9 propos\u00e9 \u00e0 la m\u00eame date par le m\u00eame promoteur. Une version des faits qui n\u2019a pas r\u00e9sist\u00e9 \u00e0 l\u2019audition du promoteur concern\u00e9, lequel a formellement d\u00e9menti cette d\u00e9claration. <br \/>\u00a0 <br \/>Face \u00e0 ces contradictions et aux \u00e9l\u00e9ments recueillis, les enqu\u00eateurs ont d\u00e9cid\u00e9 de placer Abdou L\u00f4 S\u00e8ne en garde \u00e0 vue pour n\u00e9cessit\u00e9 d\u2019enqu\u00eate, afin de faire toute la lumi\u00e8re sur son r\u00f4le exact dans les violences survenues. Lib\u00e9ration pr\u00e9cise par ailleurs que d\u2019autres arrestations sont en cours, signe que l\u2019enqu\u00eate est loin d\u2019\u00eatre close.\n\t\t\t\t <\/p>\n","protected":false},"excerpt":{"rendered":"Les combats de lutte, cens\u00e9s \u00eatre des moments de ferveur populaire et de communion sportive, se retrouvent une&hellip;\n","protected":false},"author":2,"featured_media":8495,"comment_status":"","ping_status":"","sticky":false,"template":"","format":"standard","meta":{"footnotes":""},"categories":[48],"tags":[64,274,279,273,277,278,271,281,283,272,280,276,275,159,282],"class_list":{"0":"post-8494","1":"post","2":"type-post","3":"status-publish","4":"format-standard","5":"has-post-thumbnail","7":"category-senegal","8":"tag-afrique","9":"tag-aliou-cisse","10":"tag-amadou-ba","11":"tag-apr","12":"tag-bassirou-diomaye-faye","13":"tag-bathelemy-dias","14":"tag-dakar","15":"tag-el-malick-ndiaye","16":"tag-guy-marius-sagna","17":"tag-macky-sall","18":"tag-madiambal-diagne","19":"tag-ousmane-sonko","20":"tag-pastef","21":"tag-senegal","22":"tag-ziguinchor"},"share_on_mastodon":{"url":"","error":""},"_links":{"self":[{"href":"https:\/\/www.europesays.com\/africa\/wp-json\/wp\/v2\/posts\/8494","targetHints":{"allow":["GET"]}}],"collection":[{"href":"https:\/\/www.europesays.com\/africa\/wp-json\/wp\/v2\/posts"}],"about":[{"href":"https:\/\/www.europesays.com\/africa\/wp-json\/wp\/v2\/types\/post"}],"author":[{"embeddable":true,"href":"https:\/\/www.europesays.com\/africa\/wp-json\/wp\/v2\/users\/2"}],"replies":[{"embeddable":true,"href":"https:\/\/www.europesays.com\/africa\/wp-json\/wp\/v2\/comments?post=8494"}],"version-history":[{"count":0,"href":"https:\/\/www.europesays.com\/africa\/wp-json\/wp\/v2\/posts\/8494\/revisions"}],"wp:featuredmedia":[{"embeddable":true,"href":"https:\/\/www.europesays.com\/africa\/wp-json\/wp\/v2\/media\/8495"}],"wp:attachment":[{"href":"https:\/\/www.europesays.com\/africa\/wp-json\/wp\/v2\/media?parent=8494"}],"wp:term":[{"taxonomy":"category","embeddable":true,"href":"https:\/\/www.europesays.com\/africa\/wp-json\/wp\/v2\/categories?post=8494"},{"taxonomy":"post_tag","embeddable":true,"href":"https:\/\/www.europesays.com\/africa\/wp-json\/wp\/v2\/tags?post=8494"}],"curies":[{"name":"wp","href":"https:\/\/api.w.org\/{rel}","templated":true}]}}