{"id":8557,"date":"2026-01-07T04:32:47","date_gmt":"2026-01-07T04:32:47","guid":{"rendered":"https:\/\/www.europesays.com\/africa\/8557\/"},"modified":"2026-01-07T04:32:47","modified_gmt":"2026-01-07T04:32:47","slug":"cheikh-tidiane-dieng-sacre-meilleur-jeune-entrepreneur-immobilier-de-thies","status":"publish","type":"post","link":"https:\/\/www.europesays.com\/africa\/8557\/","title":{"rendered":"Cheikh Tidiane Dieng sacr\u00e9 meilleur jeune entrepreneur immobilier de Thi\u00e8s"},"content":{"rendered":"<p>Les Thiessois se sont distingu\u00e9s \u00e0 l&#8217;occasion de la 4e \u00e9dition des &#8221; Raaya T\u00e9ranga&#8221;. En effet, le PDG de l&#8217;Agence Immobili\u00e8re Beugue Diam Services( AIBDS), Cheikh Tidiane Dieng, a remport\u00e9 le prix du meilleur jeune entrepreneur immobilier de Thi\u00e8s, dans la cat\u00e9gorie &#8221; innovation et contenu local&#8221;.\u00a0<\/p>\n<p>\u00a0<\/p>\n<p>Cette distinction vient ainsi mat\u00e9rialiser plusieurs ann\u00e9es d&#8217;engagement et d&#8217;abn\u00e9gation au profit des s\u00e9n\u00e9galais. Cheikh Tidiane Dieng &#8221; Beugue Diam&#8221;, qui intervient dans le secteur de l&#8217;immobilier( 2016), ainsi que dans le commerce,\u00a0 entend apporter davantage sa pierre \u00e0 l&#8217;\u00e9difice pour &#8221; un immobilier s\u00fbr et accessible&#8221;. Parmi ses priorit\u00e9s, &#8221; permettre \u00e0 chaque s\u00e9n\u00e9galais d&#8217;acqu\u00e9rir des parcelles et de r\u00e9aliser ses investissements immobiliers sans stress et en toute s\u00e9curit\u00e9&#8221;.\u00a0<\/p>\n<p>\u00a0<\/p>\n<p>En terme de perspectives, Cheikh Tidiane Dieng et son agence bas\u00e9e \u00e0 Thi\u00e8s(Grand Standing), comptent proc\u00e9der au lancement de leurs 3 piliers de solidarit\u00e9: Acc\u00e8s \u00e0 l&#8217;eau, \u00c9ducation et Jeunesse et Solidarit\u00e9 Logement( Accompagnement sp\u00e9cifique pour les familles en difficult\u00e9)&#8230;<\/p>\n<p>\u00a0<\/p>\n<p>\u00a0<\/p>\n","protected":false},"excerpt":{"rendered":"Les Thiessois se sont distingu\u00e9s \u00e0 l&#8217;occasion de la 4e \u00e9dition des &#8221; Raaya T\u00e9ranga&#8221;. En effet, le&hellip;\n","protected":false},"author":2,"featured_media":8558,"comment_status":"","ping_status":"","sticky":false,"template":"","format":"standard","meta":{"footnotes":""},"categories":[48],"tags":[64,274,279,273,277,278,271,281,283,272,280,276,275,159,282],"class_list":{"0":"post-8557","1":"post","2":"type-post","3":"status-publish","4":"format-standard","5":"has-post-thumbnail","7":"category-senegal","8":"tag-afrique","9":"tag-aliou-cisse","10":"tag-amadou-ba","11":"tag-apr","12":"tag-bassirou-diomaye-faye","13":"tag-bathelemy-dias","14":"tag-dakar","15":"tag-el-malick-ndiaye","16":"tag-guy-marius-sagna","17":"tag-macky-sall","18":"tag-madiambal-diagne","19":"tag-ousmane-sonko","20":"tag-pastef","21":"tag-senegal","22":"tag-ziguinchor"},"share_on_mastodon":{"url":"","error":""},"_links":{"self":[{"href":"https:\/\/www.europesays.com\/africa\/wp-json\/wp\/v2\/posts\/8557","targetHints":{"allow":["GET"]}}],"collection":[{"href":"https:\/\/www.europesays.com\/africa\/wp-json\/wp\/v2\/posts"}],"about":[{"href":"https:\/\/www.europesays.com\/africa\/wp-json\/wp\/v2\/types\/post"}],"author":[{"embeddable":true,"href":"https:\/\/www.europesays.com\/africa\/wp-json\/wp\/v2\/users\/2"}],"replies":[{"embeddable":true,"href":"https:\/\/www.europesays.com\/africa\/wp-json\/wp\/v2\/comments?post=8557"}],"version-history":[{"count":0,"href":"https:\/\/www.europesays.com\/africa\/wp-json\/wp\/v2\/posts\/8557\/revisions"}],"wp:featuredmedia":[{"embeddable":true,"href":"https:\/\/www.europesays.com\/africa\/wp-json\/wp\/v2\/media\/8558"}],"wp:attachment":[{"href":"https:\/\/www.europesays.com\/africa\/wp-json\/wp\/v2\/media?parent=8557"}],"wp:term":[{"taxonomy":"category","embeddable":true,"href":"https:\/\/www.europesays.com\/africa\/wp-json\/wp\/v2\/categories?post=8557"},{"taxonomy":"post_tag","embeddable":true,"href":"https:\/\/www.europesays.com\/africa\/wp-json\/wp\/v2\/tags?post=8557"}],"curies":[{"name":"wp","href":"https:\/\/api.w.org\/{rel}","templated":true}]}}