{"id":8574,"date":"2026-01-07T04:49:50","date_gmt":"2026-01-07T04:49:50","guid":{"rendered":"https:\/\/www.europesays.com\/africa\/8574\/"},"modified":"2026-01-07T04:49:50","modified_gmt":"2026-01-07T04:49:50","slug":"thierno-alassane-sall-lance-une-mission-dinvestigation-sur-lelectrification-rurale","status":"publish","type":"post","link":"https:\/\/www.europesays.com\/africa\/8574\/","title":{"rendered":"Thierno Alassane Sall lance une mission d\u2019investigation sur l\u2019\u00e9lectrification rurale"},"content":{"rendered":"<p style=\"text-align: justify;\">Le d\u00e9put\u00e9 Thierno Alassane Sall entame ce lundi une tourn\u00e9e de deux semaines dans l\u2019est et le sud-est du S\u00e9n\u00e9gal pour \u00e9valuer l\u2019\u00e9tat r\u00e9el de l\u2019\u00e9lectrification et faire la lumi\u00e8re sur le dossier tant discut\u00e9, ASER-AEE POWER EPC. Le pr\u00e9sident\u00a0\u00a0du parti RV quitte Dakar ce lundi pour une mission de terrain qui le conduira \u00e0 travers les r\u00e9gions de Kaffrine, Tambacounda, K\u00e9dougou et plusieurs localit\u00e9s souvent oubli\u00e9es des projecteurs m\u00e9diatiques. Durant 14 jours, Thierno Alassane Sall sillonnera ces zones pour dresser un \u00e9tat des lieux de l\u2019acc\u00e8s \u00e0 l\u2019\u00e9lectricit\u00e9 et enqu\u00eater sur les zones d\u2019ombre entourant le dossier ASER-AEE POWER EPC. <\/p>\n<p style=\"text-align: justify;\">\u00a0 <\/p>\n<p style=\"text-align: justify;\">La tourn\u00e9e organis\u00e9e, d\u00e9butera par la r\u00e9gion de Kaffrine avant de rejoindre Tambacounda, qui servira de base pour plusieurs \u00e9tapes. Le parlementaire consacrera ensuite trois jours \u00e0 K\u00e9dougou (7-8 janvier), suivis d\u2019une immersion \u00e0 Bakel (9-10 janvier), ville frontali\u00e8re du Mali, avant de poursuivre vers Goudiry o\u00f9 il s\u00e9journera du 10 au 12 janvier. La seconde partie de la mission se concentrera sur Tambacounda avec trois nuit\u00e9es cons\u00e9cutives (12-14 janvier), puis Koumpentoum (15-16 janvier) et Koungheul (17 janvier), avant le retour sur Dakar pr\u00e9vu le dimanche 18 janvier. <\/p>\n<p style=\"text-align: justify;\">\u00a0 <\/p>\n<p style=\"text-align: justify;\">Au-del\u00e0 du constat sur l\u2019\u00e9lectrification, cette mission consistera \u00e9galement \u00e0 faire toute la lumi\u00e8re sur le dossier ASER-AEE POWER EPC, un sujet qui soul\u00e8ve de nombreuses interrogations quant \u00e0 la gestion des contrats d\u2019\u00e9lectrification rurale. Le d\u00e9put\u00e9 compte rencontrer les acteurs locaux, recueillir des t\u00e9moignages et documenter les dysfonctionnements \u00e9ventuels. <\/p>\n<p style=\"text-align: justify;\">\u00a0 <\/p>\n<p style=\"text-align: justify;\">Rappelons que cet acte constitue une initiative parlementaire qui s\u2019inscrit dans une d\u00e9marche de transparence et de redevabilit\u00e9, des valeurs que le d\u00e9put\u00e9 Thierno Alassane Sall a toujours d\u00e9fendues dans son action politique. <\/p>\n","protected":false},"excerpt":{"rendered":"Le d\u00e9put\u00e9 Thierno Alassane Sall entame ce lundi une tourn\u00e9e de deux semaines dans l\u2019est et le sud-est&hellip;\n","protected":false},"author":2,"featured_media":8575,"comment_status":"","ping_status":"","sticky":false,"template":"","format":"standard","meta":{"footnotes":""},"categories":[48],"tags":[64,274,279,273,277,278,271,281,283,272,280,276,275,159,282],"class_list":{"0":"post-8574","1":"post","2":"type-post","3":"status-publish","4":"format-standard","5":"has-post-thumbnail","7":"category-senegal","8":"tag-afrique","9":"tag-aliou-cisse","10":"tag-amadou-ba","11":"tag-apr","12":"tag-bassirou-diomaye-faye","13":"tag-bathelemy-dias","14":"tag-dakar","15":"tag-el-malick-ndiaye","16":"tag-guy-marius-sagna","17":"tag-macky-sall","18":"tag-madiambal-diagne","19":"tag-ousmane-sonko","20":"tag-pastef","21":"tag-senegal","22":"tag-ziguinchor"},"share_on_mastodon":{"url":"","error":""},"_links":{"self":[{"href":"https:\/\/www.europesays.com\/africa\/wp-json\/wp\/v2\/posts\/8574","targetHints":{"allow":["GET"]}}],"collection":[{"href":"https:\/\/www.europesays.com\/africa\/wp-json\/wp\/v2\/posts"}],"about":[{"href":"https:\/\/www.europesays.com\/africa\/wp-json\/wp\/v2\/types\/post"}],"author":[{"embeddable":true,"href":"https:\/\/www.europesays.com\/africa\/wp-json\/wp\/v2\/users\/2"}],"replies":[{"embeddable":true,"href":"https:\/\/www.europesays.com\/africa\/wp-json\/wp\/v2\/comments?post=8574"}],"version-history":[{"count":0,"href":"https:\/\/www.europesays.com\/africa\/wp-json\/wp\/v2\/posts\/8574\/revisions"}],"wp:featuredmedia":[{"embeddable":true,"href":"https:\/\/www.europesays.com\/africa\/wp-json\/wp\/v2\/media\/8575"}],"wp:attachment":[{"href":"https:\/\/www.europesays.com\/africa\/wp-json\/wp\/v2\/media?parent=8574"}],"wp:term":[{"taxonomy":"category","embeddable":true,"href":"https:\/\/www.europesays.com\/africa\/wp-json\/wp\/v2\/categories?post=8574"},{"taxonomy":"post_tag","embeddable":true,"href":"https:\/\/www.europesays.com\/africa\/wp-json\/wp\/v2\/tags?post=8574"}],"curies":[{"name":"wp","href":"https:\/\/api.w.org\/{rel}","templated":true}]}}