{"id":858,"date":"2026-01-03T17:48:30","date_gmt":"2026-01-03T17:48:30","guid":{"rendered":"https:\/\/www.europesays.com\/africa\/858\/"},"modified":"2026-01-03T17:48:30","modified_gmt":"2026-01-03T17:48:30","slug":"le-reve-de-mon-pere-chasse-du-buffle-en-afrique-du-sud-une-superbe-video","status":"publish","type":"post","link":"https:\/\/www.europesays.com\/africa\/858\/","title":{"rendered":"Le r\u00eave de mon p\u00e8re, chasse du buffle en Afrique du Sud, Une superbe vid\u00e9o"},"content":{"rendered":"<p>\t    \t\t\t\t\t\t\t<a href=\"https:\/\/www.chassons.com\/videos\/le-reve-de-mon-pere-chasse-du-buffle-en-afrique-du-sud-une-superbe-video\/420362\/attachment\/ouverture-5\/\" rel=\"nofollow noopener\" target=\"_blank\"><br \/>\n                        <img loading=\"lazy\" width=\"749\" height=\"495\" src=\"https:\/\/www.europesays.com\/africa\/wp-content\/uploads\/2026\/01\/ouverture-1-768x508.jpg\" class=\"attachment-medium_large size-medium_large wp-post-image\" alt=\"\" decoding=\"async\"\/><br \/>\n\t                <\/a><\/p>\n<p>Plus qu\u2019un film de chasse, ce r\u00e9cit est celui d\u2019une promesse : celle d\u2019un fils aidant son p\u00e8re \u00e0 r\u00e9aliser son r\u00eave de chasse. Au c\u0153ur d\u2019un superbe territoire de 30 000 hectares en Afrique du Sud, Alexandre et son p\u00e8re sont partis \u00e0 la rencontre du mythique buffle ! Une qu\u00eate film\u00e9e avec pudeur, o\u00f9 la complicit\u00e9 familiale et le partage de la passion ont pris le pas sur le simple pr\u00e9l\u00e8vement !<\/p>\n<p><img loading=\"lazy\" decoding=\"async\" src=\"https:\/\/www.europesays.com\/africa\/wp-content\/uploads\/2026\/01\/1767462509_367_hqdefault.jpg\" alt=\"YouTube video\" width=\"480\" height=\"360\" data-pin-nopin=\"true\" nopin=\"nopin\"\/><br \/>\n<img loading=\"lazy\" decoding=\"async\" width=\"630\" height=\"354\" src=\"https:\/\/www.europesays.com\/africa\/wp-content\/uploads\/2026\/01\/1912-1-3.png\" class=\"attachment-article-image-size size-article-image-size\" alt=\"\"\/> <img loading=\"lazy\" decoding=\"async\" width=\"630\" height=\"354\" src=\"https:\/\/www.europesays.com\/africa\/wp-content\/uploads\/2026\/01\/Capture-decran-2025-12-29-a-15.25.00.png\" class=\"attachment-article-image-size size-article-image-size\" alt=\"\"\/><br \/>\nDes animaux superbes<\/p>\n<p>Entre les paysages grandioses film\u00e9s au drone et une immersion dans la riche faune sauvage africaine, ce film va vous faire voyager au plus proche de l\u2019action. Vous allez d\u00e9couvrir l\u2019intensit\u00e9 et la tension des pistages \u00e0 pied sur cet animal mythique, o\u00f9 l\u2019adr\u00e9naline monte \u00e0 chaque craquement de branche.<\/p>\n<p>Entre les approches haletantes \u00e0 quelques m\u00e8tres des grands buffles et les magnifiques moments de partage en famille, ce film d\u2019une heure et quart va vous plonger dans ce que la grande chasse africaine a de plus authentique et de plus sauvage \u00e0 vous offrir !<\/p>\n<p>\u00a0<\/p>\n<p><img loading=\"lazy\" decoding=\"async\" width=\"630\" height=\"356\" src=\"https:\/\/www.europesays.com\/africa\/wp-content\/uploads\/2026\/01\/Capture-decran-2025-12-29-a-15.24.17.png\" class=\"attachment-article-image-size size-article-image-size\" alt=\"\"\/> <img loading=\"lazy\" decoding=\"async\" width=\"630\" height=\"353\" src=\"https:\/\/www.europesays.com\/africa\/wp-content\/uploads\/2026\/01\/Capture-decran-2025-12-29-a-15.24.38.png\" class=\"attachment-article-image-size size-article-image-size\" alt=\"\"\/> <img loading=\"lazy\" decoding=\"async\" width=\"630\" height=\"354\" src=\"https:\/\/www.europesays.com\/africa\/wp-content\/uploads\/2026\/01\/Capture-decran-2025-12-29-a-15.26.01.png\" class=\"attachment-article-image-size size-article-image-size\" alt=\"\"\/><\/p>\n<p>                <img loading=\"lazy\" decoding=\"async\" width=\"104\" height=\"104\" src=\"https:\/\/www.europesays.com\/africa\/wp-content\/uploads\/2026\/01\/Design-sans-titre-39-104x104.jpg\" alt=\"Lyonel\"\/><\/p>\n<p>Publi\u00e9 par Lyonel Chocat<\/p>\n<p>Directeur de la r\u00e9daction de Chassons.com, Lyonel Chocat est n\u00e9 en 1972 et r\u00e9side en Sa\u00f4ne et Loire. Journaliste depuis 1996, il a travaill\u00e9 dans de nombreux magazines de voyage, de chasse et de p\u00eache. Passionn\u00e9 depuis son plus jeune \u00e2ge, il chasse tout autant le petit que le grand gibier. Tireur sportif, il affectionne toutes les armes<\/p>\n<p>    <img loading=\"lazy\" decoding=\"async\" src=\"https:\/\/www.europesays.com\/africa\/wp-content\/uploads\/2026\/01\/annonces.png\" alt=\"Annonce\" width=\"60\" height=\"60\"\/><br \/>\n    C&#8217;est le moment de d\u00e9poser votre annonce<br \/>\n    Publier<\/p>\n","protected":false},"excerpt":{"rendered":"Plus qu\u2019un film de chasse, ce r\u00e9cit est celui d\u2019une promesse : celle d\u2019un fils aidant son p\u00e8re&hellip;\n","protected":false},"author":2,"featured_media":859,"comment_status":"","ping_status":"","sticky":false,"template":"","format":"standard","meta":{"footnotes":""},"categories":[62],"tags":[64,1169,1170],"class_list":{"0":"post-858","1":"post","2":"type-post","3":"status-publish","4":"format-standard","5":"has-post-thumbnail","7":"category-afrique","8":"tag-afrique","9":"tag-chasse-a-lapproche","10":"tag-voyage"},"share_on_mastodon":{"url":"","error":""},"_links":{"self":[{"href":"https:\/\/www.europesays.com\/africa\/wp-json\/wp\/v2\/posts\/858","targetHints":{"allow":["GET"]}}],"collection":[{"href":"https:\/\/www.europesays.com\/africa\/wp-json\/wp\/v2\/posts"}],"about":[{"href":"https:\/\/www.europesays.com\/africa\/wp-json\/wp\/v2\/types\/post"}],"author":[{"embeddable":true,"href":"https:\/\/www.europesays.com\/africa\/wp-json\/wp\/v2\/users\/2"}],"replies":[{"embeddable":true,"href":"https:\/\/www.europesays.com\/africa\/wp-json\/wp\/v2\/comments?post=858"}],"version-history":[{"count":0,"href":"https:\/\/www.europesays.com\/africa\/wp-json\/wp\/v2\/posts\/858\/revisions"}],"wp:featuredmedia":[{"embeddable":true,"href":"https:\/\/www.europesays.com\/africa\/wp-json\/wp\/v2\/media\/859"}],"wp:attachment":[{"href":"https:\/\/www.europesays.com\/africa\/wp-json\/wp\/v2\/media?parent=858"}],"wp:term":[{"taxonomy":"category","embeddable":true,"href":"https:\/\/www.europesays.com\/africa\/wp-json\/wp\/v2\/categories?post=858"},{"taxonomy":"post_tag","embeddable":true,"href":"https:\/\/www.europesays.com\/africa\/wp-json\/wp\/v2\/tags?post=858"}],"curies":[{"name":"wp","href":"https:\/\/api.w.org\/{rel}","templated":true}]}}