{"id":8591,"date":"2026-01-07T05:03:35","date_gmt":"2026-01-07T05:03:35","guid":{"rendered":"https:\/\/www.europesays.com\/africa\/8591\/"},"modified":"2026-01-07T05:03:35","modified_gmt":"2026-01-07T05:03:35","slug":"senegal-banlieue-dakaroise-une-vaste-operation-police-gendarmerie-menee-cette-nuit","status":"publish","type":"post","link":"https:\/\/www.europesays.com\/africa\/8591\/","title":{"rendered":"S\u00e9n\u00e9gal: Banlieue dakaroise &#8211; Une vaste op\u00e9ration Police-Gendarmerie men\u00e9e cette nuit"},"content":{"rendered":"<p class=\"story-body-text\" data-para-word-count=\"60\">Une importante op\u00e9ration de s\u00e9curisation a \u00e9t\u00e9 men\u00e9e dans la nuit du 3 au 4 janvier 2026 dans la banlieue de Dakar, sous la supervision du ministre de l&#8217;Int\u00e9rieur et de la S\u00e9curit\u00e9 publique. Cette action conjointe des forces de d\u00e9fense et de s\u00e9curit\u00e9 visait \u00e0 renforcer la s\u00e9curit\u00e9 des populations et \u00e0 lutter contre les actes d&#8217;incivisme et d&#8217;ins\u00e9curit\u00e9.<\/p>\n<p class=\"story-body-text\" data-para-word-count=\"46\">Les \u00e9l\u00e9ments de la Police nationale et de la Gendarmerie nationale ont \u00e9t\u00e9 massivement d\u00e9ploy\u00e9s sur le terrain, notamment dans plusieurs zones jug\u00e9es sensibles telles que Pikine et Gu\u00e9diawaye. Des points n\u00e9vralgiques ont \u00e9t\u00e9 particuli\u00e8rement cibl\u00e9s afin de dissuader toute forme de trouble \u00e0 l&#8217;ordre public.<\/p>\n<p class=\"story-body-text\" data-para-word-count=\"66\">Selon les autorit\u00e9s, cette pr\u00e9sence renforc\u00e9e des forces de s\u00e9curit\u00e9 sera maintenue et m\u00eame intensifi\u00e9e dans les prochains jours pour relever durablement le niveau de s\u00e9curit\u00e9 dans la banlieue dakaroise. Le ministre a, \u00e0 cet effet, insist\u00e9 sur l&#8217;urgence de g\u00e9n\u00e9raliser et de syst\u00e9matiser les amendes forfaitaires contre le non-respect du code de la route, appelant \u00e0 \u00ab taxer l&#8217;indiscipline \u00bb afin de responsabiliser les usagers.<\/p>\n","protected":false},"excerpt":{"rendered":"Une importante op\u00e9ration de s\u00e9curisation a \u00e9t\u00e9 men\u00e9e dans la nuit du 3 au 4 janvier 2026 dans&hellip;\n","protected":false},"author":2,"featured_media":198,"comment_status":"","ping_status":"","sticky":false,"template":"","format":"standard","meta":{"footnotes":""},"categories":[48],"tags":[63,5963,83,1165,265,262,268,362,96,1166,261,159,264,263,266,325],"class_list":{"0":"post-8591","1":"post","2":"type-post","3":"status-publish","4":"format-standard","5":"has-post-thumbnail","7":"category-senegal","8":"tag-africa","9":"tag-arms-and-military-affairs","10":"tag-business","11":"tag-conflict","12":"tag-current-events","13":"tag-economy","14":"tag-governance","15":"tag-legal-and-judicial-affairs","16":"tag-news","17":"tag-peace-and-security","18":"tag-politics","19":"tag-senegal","20":"tag-sports","21":"tag-trade","22":"tag-travel","23":"tag-west-africa"},"share_on_mastodon":{"url":"","error":""},"_links":{"self":[{"href":"https:\/\/www.europesays.com\/africa\/wp-json\/wp\/v2\/posts\/8591","targetHints":{"allow":["GET"]}}],"collection":[{"href":"https:\/\/www.europesays.com\/africa\/wp-json\/wp\/v2\/posts"}],"about":[{"href":"https:\/\/www.europesays.com\/africa\/wp-json\/wp\/v2\/types\/post"}],"author":[{"embeddable":true,"href":"https:\/\/www.europesays.com\/africa\/wp-json\/wp\/v2\/users\/2"}],"replies":[{"embeddable":true,"href":"https:\/\/www.europesays.com\/africa\/wp-json\/wp\/v2\/comments?post=8591"}],"version-history":[{"count":0,"href":"https:\/\/www.europesays.com\/africa\/wp-json\/wp\/v2\/posts\/8591\/revisions"}],"wp:featuredmedia":[{"embeddable":true,"href":"https:\/\/www.europesays.com\/africa\/wp-json\/wp\/v2\/media\/198"}],"wp:attachment":[{"href":"https:\/\/www.europesays.com\/africa\/wp-json\/wp\/v2\/media?parent=8591"}],"wp:term":[{"taxonomy":"category","embeddable":true,"href":"https:\/\/www.europesays.com\/africa\/wp-json\/wp\/v2\/categories?post=8591"},{"taxonomy":"post_tag","embeddable":true,"href":"https:\/\/www.europesays.com\/africa\/wp-json\/wp\/v2\/tags?post=8591"}],"curies":[{"name":"wp","href":"https:\/\/api.w.org\/{rel}","templated":true}]}}