{"id":8750,"date":"2026-01-07T07:00:08","date_gmt":"2026-01-07T07:00:08","guid":{"rendered":"https:\/\/www.europesays.com\/africa\/8750\/"},"modified":"2026-01-07T07:00:08","modified_gmt":"2026-01-07T07:00:08","slug":"entretien-boxe-je-suis-en-contact-avance-avec-la-federation-de-boxe-du-maroc-confie-samir-ziani","status":"publish","type":"post","link":"https:\/\/www.europesays.com\/africa\/8750\/","title":{"rendered":"ENTRETIEN. Boxe\u00a0: &#8220;Je suis en contact avanc\u00e9 avec la F\u00e9d\u00e9ration de boxe du Maroc&#8221;, confie Samir Ziani"},"content":{"rendered":"<p>\n                                                                    l&#8217;essentiel<br \/>\n                                                                D\u00e9fait pour la premi\u00e8re fois depuis 2016 en juillet\u00a02025, Samir Ziani (1,68\u00a0m, 36 victoires, 1 nul et 4 d\u00e9faites) a eu besoin de temps pour dig\u00e9rer cette d\u00e9ception. Depuis six mois, le boxeur de Villeneuve-sur-Lot, \u00e2g\u00e9 de 35 ans, a fait beaucoup de changements dans son entourage. Il a aussi entrepris un rapprochement avec la F\u00e9d\u00e9ration marocaine de boxe anglaise pour la suite de sa carri\u00e8re. Entretien.\n                            <\/p>\n<p class=\"txt-question\">Invaincu depuis 14 combats, vous avez perdu contre Khalil El Hadri, le 5\u00a0juillet 2025 \u00e0 Clichy. Six mois apr\u00e8s cette premi\u00e8re d\u00e9faite depuis novembre\u00a02016, avez-vous dig\u00e9r\u00e9 la d\u00e9ception\u00a0?<\/p>\n<p>C\u2019\u00e9tait ma premi\u00e8re en dix ans. Psychologiquement, \u00e7a a \u00e9t\u00e9 dur, mais \u00e7a m\u2019a r\u00e9veill\u00e9. C\u2019\u00e9tait mental. J\u2019\u00e9tais absent. Mon premier adversaire, c\u2019\u00e9tait moi-m\u00eame. J\u2019avais des pens\u00e9es n\u00e9gatives, des doutes. Ma femme, mes enfants, ma famille ont v\u00e9cu \u00e7a avec moi. Ils ont vu \u00e0 quel point c\u2019\u00e9tait difficile. Mais cette mauvaise exp\u00e9rience m\u2019a servi de le\u00e7on. Elle m\u2019a permis de voir qui \u00e9tait vraiment l\u00e0 pour moi. \u00c7a m\u2019a donn\u00e9 un coup de pied aux fesses. Apr\u00e8s, je suis parti au Maroc, j\u2019ai revu du monde, j\u2019ai retrouv\u00e9 le Samir battant. \u00c7a m\u2019a fait du bien. C\u2019est la premi\u00e8re fois de ma carri\u00e8re que je parle aussi ouvertement de tout \u00e7a. Mais il faut agir, sinon rien ne change.<\/p>\n<p class=\"txt-question\">Vous dites que vous avez eu besoin d\u2019agir. Quels changements avez-vous op\u00e9r\u00e9s\u00a0?<\/p>\n<p>Avec le Blagnac Boxing Club, c\u2019est termin\u00e9. Je ne m\u2019entra\u00eene plus l\u00e0-bas. Je ne m\u2019entra\u00eene plus avec personne en particulier. J\u2019ai d\u2019autres coachs avec qui je travaille. Je mets aussi les gants \u00e0 Bordeaux, dans plusieurs structures que je connais bien. Ce que j\u2019ai gard\u00e9, c\u2019est mon staff de pr\u00e9paration physique et m\u00e9dicale, qui sont dans la r\u00e9gion toulousaine. Heureusement, j\u2019avais anticip\u00e9 tout \u00e7a inconsciemment. J\u2019ai tout sur place d\u00e9sormais\u00a0: ma salle agrandie, mon mat\u00e9riel\u2026<\/p>\n<p class=\"std-elt__inline\">\n        \u00c0 lire aussi :<br \/>\n        <a href=\"https:\/\/www.ladepeche.fr\/2025\/07\/06\/boxe-gros-coup-darret-pour-samir-ziani-arrete-par-larbitre-au-4e-round-contre-khalil-el-hadri-12808405.php\" rel=\"nofollow noopener\" target=\"_blank\">Boxe\u00a0: gros coup d\u2019arr\u00eat pour Samir Ziani, arr\u00eat\u00e9 par l\u2019arbitre au 4e round contre Khalil El Hadri<\/a>\n    <\/p>\n<p class=\"txt-question\">\u00c0 35 ans, comment envisagez-vous la suite de votre carri\u00e8re\u00a0?<\/p>\n<p>Je devrais combattre au mois d\u2019avril \u00e0 Marseille. Je suis aussi en contact avanc\u00e9 avec la F\u00e9d\u00e9ration royale du Maroc de boxe. On m\u2019a propos\u00e9 d\u2019int\u00e9grer le top 10 africain, mais pour \u00e7a, il faut une licence marocaine. Avec mon niveau, je peux y entrer facilement. C\u2019est la route la plus strat\u00e9gique pour revenir au top international. J\u2019y r\u00e9fl\u00e9chis depuis longtemps, depuis juillet dernier.<\/p>\n<p class=\"std-elt__inline\">\n        \u00c0 lire aussi :<br \/>\n        <a href=\"https:\/\/www.ladepeche.fr\/2025\/07\/08\/la-plus-grosse-erreur-de-ma-carriere-ziani-regle-ses-comptes-apres-sa-chute-face-a-el-hadri-12812863.php\" rel=\"nofollow noopener\" target=\"_blank\">&#8220;La plus grosse erreur de ma carri\u00e8re&#8221;\u00a0: le boxeur Samir Ziani r\u00e8gle ses comptes apr\u00e8s sa chute face \u00e0 Khalil El Hadri<\/a>\n    <\/p>\n<p>\u00ab\u00a0Une mani\u00e8re de me rapprocher de mon pays d\u2019origine pour finir ma carri\u00e8re\u00a0\u00bb<\/p>\n<p class=\"txt-question\">Concr\u00e8tement, \u00e7a se traduirait par quoi\u00a0?<\/p>\n<p>J\u2019aurais acc\u00e8s \u00e0 des structures d\u2019entra\u00eenement en France et au Maroc, prises en charge par la F\u00e9d\u00e9ration royale marocaine. Des camps professionnels pour continuer ma carri\u00e8re et bien la terminer. Ensuite, \u00e0 plus long terme, il y aura des combats au Maroc, pour un titre continental africain. Tout ceci est encore en discussion. Pour le reste, rien ne changerait. Je reste \u00e0 Villeneuve-sur-Lot. Ma famille est ici. Je ne pars pas vivre au Maroc. Je garde mes affaires, mes coachings, mes engagements politiques en Lot-et-Garonne.<\/p>\n<p class=\"std-elt__inline\">\n        \u00c0 lire aussi :<br \/>\n        <a href=\"https:\/\/www.ladepeche.fr\/2024\/04\/28\/decryptage-boxe-mon-entraineur-ma-remis-sur-les-rails-comment-samir-ziani-a-etouffe-jordan-rodriguez-a-marseille-11919083.php\" rel=\"nofollow noopener\" target=\"_blank\">DECRYPTAGE. Boxe\u00a0: &#8220;Mon entra\u00eeneur m\u2019a remis sur les rails&#8221;, comment Samir Ziani a \u00e9touff\u00e9 Jordan Rodriguez \u00e0 Marseille<\/a>\n    <\/p>\n<p class=\"txt-question\">Qu\u2019est-ce qui a motiv\u00e9 votre volont\u00e9 de vous rapprocher du Maroc\u00a0?<\/p>\n<p>Pour moi, c\u2019est une mani\u00e8re de me rapprocher de mon pays d\u2019origine pour finir ma carri\u00e8re, tout en restant fier de ce que j\u2019ai fait pour la France. Le Maroc, c\u2019est le pays o\u00f9 sont n\u00e9s mes parents. J\u2019y vais pendant mes vacances. Toute ma famille est \u00e0 F\u00e8s et Mekn\u00e8s. J\u2019ai un bon r\u00e9seau l\u00e0-bas, dans la boxe et autour. Je connais le pr\u00e9sident de la F\u00e9d\u00e9ration royale marocaine de boxe depuis longtemps et j\u2019ai aussi des contacts avec la famille Rahilou. Khalid, Franco-Marocain comme moi, est champion du monde plusieurs fois \u00e0 Las Vegas. J\u2019ai aussi \u00e9chang\u00e9 avec des responsables politiques l\u00e0-bas. Ils m\u2019ont invit\u00e9 \u00e0 Marrakech, au Troph\u00e9e des Marocains du Monde, o\u00f9 j\u2019ai \u00e9t\u00e9 f\u00e9licit\u00e9 et mis \u00e0 l\u2019honneur. Ils \u00e9taient fiers de voir qu\u2019un boxeur d\u2019origine marocaine repr\u00e9sentait la France. \u00c7a m\u2019a touch\u00e9. J\u2019ai \u00e9t\u00e9 honor\u00e9 sous le drapeau marocain, et \u00e7a m\u2019a fait r\u00e9fl\u00e9chir.<\/p>\n","protected":false},"excerpt":{"rendered":"l&#8217;essentiel D\u00e9fait pour la premi\u00e8re fois depuis 2016 en juillet\u00a02025, Samir Ziani (1,68\u00a0m, 36 victoires, 1 nul et&hellip;\n","protected":false},"author":2,"featured_media":8751,"comment_status":"","ping_status":"","sticky":false,"template":"","format":"standard","meta":{"footnotes":""},"categories":[41],"tags":[6092,6089,158,310,6091,6090],"class_list":{"0":"post-8750","1":"post","2":"type-post","3":"status-publish","4":"format-standard","5":"has-post-thumbnail","7":"category-maroc","8":"tag-boxe","9":"tag-lot-et-garonne","10":"tag-maroc","11":"tag-sport","12":"tag-sports-de-combat","13":"tag-villeneuvesurlot"},"share_on_mastodon":{"url":"","error":""},"_links":{"self":[{"href":"https:\/\/www.europesays.com\/africa\/wp-json\/wp\/v2\/posts\/8750","targetHints":{"allow":["GET"]}}],"collection":[{"href":"https:\/\/www.europesays.com\/africa\/wp-json\/wp\/v2\/posts"}],"about":[{"href":"https:\/\/www.europesays.com\/africa\/wp-json\/wp\/v2\/types\/post"}],"author":[{"embeddable":true,"href":"https:\/\/www.europesays.com\/africa\/wp-json\/wp\/v2\/users\/2"}],"replies":[{"embeddable":true,"href":"https:\/\/www.europesays.com\/africa\/wp-json\/wp\/v2\/comments?post=8750"}],"version-history":[{"count":0,"href":"https:\/\/www.europesays.com\/africa\/wp-json\/wp\/v2\/posts\/8750\/revisions"}],"wp:featuredmedia":[{"embeddable":true,"href":"https:\/\/www.europesays.com\/africa\/wp-json\/wp\/v2\/media\/8751"}],"wp:attachment":[{"href":"https:\/\/www.europesays.com\/africa\/wp-json\/wp\/v2\/media?parent=8750"}],"wp:term":[{"taxonomy":"category","embeddable":true,"href":"https:\/\/www.europesays.com\/africa\/wp-json\/wp\/v2\/categories?post=8750"},{"taxonomy":"post_tag","embeddable":true,"href":"https:\/\/www.europesays.com\/africa\/wp-json\/wp\/v2\/tags?post=8750"}],"curies":[{"name":"wp","href":"https:\/\/api.w.org\/{rel}","templated":true}]}}