{"id":8768,"date":"2026-01-07T07:13:07","date_gmt":"2026-01-07T07:13:07","guid":{"rendered":"https:\/\/www.europesays.com\/africa\/8768\/"},"modified":"2026-01-07T07:13:07","modified_gmt":"2026-01-07T07:13:07","slug":"boulbina-en-heros-lalgerie-rallie-les-quarts-de-justesse","status":"publish","type":"post","link":"https:\/\/www.europesays.com\/africa\/8768\/","title":{"rendered":"Boulbina en h\u00e9ros, l\u2019Alg\u00e9rie rallie les quarts de justesse"},"content":{"rendered":"\n<p>Le bijou apr\u00e8s l\u2019ennui. 118\u00a0minutes apr\u00e8s le coup d\u2019envoi de ce huiti\u00e8me de finale, les Fennecs ont fait taire les L\u00e9opards. Le h\u00e9ros se nomme Adil Boulbina, entr\u00e9 en jeu au bout de la prolongation. Le jeune attaquant a emmen\u00e9 l\u2019Alg\u00e9rie en quarts de finale, par rapport \u00e0 une R\u00e9publique D\u00e9mocratique du Congo qui a tenu tout ce temps avant de craquer (1-0). \u00c0 Marseille, klaxons, feux d\u2019artifice vert-blanc-rouge et fumig\u00e8nes ont rythm\u00e9 le d\u00e9but de soir\u00e9e. Le Vieux Port, pi\u00e9tonnis\u00e9 jusqu\u2019\u00e0 minuit, a \u00e9t\u00e9 investi par les fans, ivres de joie.<\/p>\n<p>Progressivement, les Fennecs ont mis la main sur le d\u00e9but de rencontre en privant la RDC du ballon. En r\u00e9ponse, les Congolais jouaient la carte physique. Ces derniers annihilaient le plus t\u00f4t possible les avanc\u00e9es de leurs adversaires, par des interventions assez rugueuses. Les occasions sont venues petit \u00e0 petit avec une pression r\u00e9guli\u00e8re sur la surface des bleus ciel, sans succ\u00e8s pour les joueurs du Suisse Vladimir Petkovic. Le premier gros frisson de la partie est m\u00eame \u00e0 mettre au cr\u00e9dit de la R\u00e9publique D\u00e9mocratique du Congo. Une erreur d\u00e9fensive a permis \u00e0 l\u2019ex-Olympien C\u00e9dric Bakambu de se pr\u00e9senter face \u00e0 Luca Zidane. Le fils de Zin\u00e9dine, pr\u00e9sent en tribunes, a d\u00e9tourn\u00e9 en corner et Axel Tuanzebe a manqu\u00e9 le cadre de peu \u00e0 l\u2019issue de ce coup de pied de coin (25e).<\/p>\n<p>Finalement, les L\u00e9opards n\u2019ont pas eu d\u2019importantes frayeurs et leur portier Lionel Mpasi-Nzau n\u2019a que peu utilis\u00e9 ses mains durant la premi\u00e8re p\u00e9riode. Dans un stade Prince Moulay Hassan l\u00e9g\u00e8rement clairsem\u00e9, aucune des deux \u00e9quipes n\u2019a pris l\u2019avantage apr\u00e8s 45\u00a0minutes. Le manque d\u2019imagination offensive \u00e9tait \u00e0 l\u2019origine de ce score rest\u00e9 nul et vierge.<\/p>\n<p>Un match assez terne et vide, avec des joueurs donnant l\u2019impression de subir ce huiti\u00e8me de finale \u00e9liminatoire. L\u2019ambiance a \u00e9galement baiss\u00e9 d\u2019un cran dans les trav\u00e9es du stade de Rabat et cette partie fon\u00e7ait sans d\u00e9tour vers la prolongation. Anis Hadj Moussa a bien eu l\u2019une de ses frappes repouss\u00e9es par le gardien congolais dans les dix derni\u00e8res minutes, mais c\u2019\u00e9tait tout.<\/p>\n<p> Une ouverture du score tr\u00e8s tardive\n              <\/p>\n<p>L\u2019Alg\u00e9rie et la RDC se dirigeaient vers la s\u00e9ance de tirs au but quand Adil Boulbani, 22\u00a0ans, a surgi. Le joueur d\u2019Al-Duhail, au Qatar, n\u2019avait jou\u00e9 que 13\u00a0minutes depuis le d\u00e9but de cette Coupe d\u2019Afrique des Nations. Six minutes apr\u00e8s son entr\u00e9e dans la prolongation, le jeune alg\u00e9rien a d\u00e9coch\u00e9 une lourde frappe du pied droit qui s\u2019est log\u00e9e sous la barre de Lionel Mpasi-Nzau (118e). Sc\u00e8ne de liesse quelques instants avant la fin du match, les Congolais ne reviendront jamais. Les Fennecs joueront le Nigeria en quarts de finale de cette CAN marocaine, une rencontre XXL face \u00e0 une nation qui survole ses matches depuis le d\u00e9but de la comp\u00e9tition. Un duel au sommet, d\u00e9j\u00e0 tr\u00e8s attendu.<\/p>\n<p>R\u00e9sultats<\/p>\n<p>ALG\u00c9RIE\u00a01 (0)<\/p>\n<p>RD CONGO\u00a00 (0)<\/p>\n<p>Huiti\u00e8mes de finale de la CAN<\/p>\n<p>Stade Prince Moulay Hassan de Rabat<\/p>\n<p>Arbitre : Mohamed Maarouf (EGY)<\/p>\n<p>Buts : Boulbina (118e)<\/p>\n<p>ALG\u00c9RIE : Zidane &#8211; Belghali, Mandi, Bensebaini, Ait Nouri &#8211; Boudaoui, Bennacer &#8211; Chaibi, Mahrez, Maza, Amoura<\/p>\n<p>Entra\u00eeneur : V. Petkovic<\/p>\n<p>RD CONGO : Mpasi-Nzau &#8211; Kayembe, Mbemba, Moutoussamy, Tuanzebe, Wan-Bissaka &#8211; Elia, Mukau, Bongonda &#8211; Sadiki, Bakambu<\/p>\n<p>Entra\u00eeneur : S\u00e9bastien Desabre<\/p>\n","protected":false},"excerpt":{"rendered":"Le bijou apr\u00e8s l\u2019ennui. 118\u00a0minutes apr\u00e8s le coup d\u2019envoi de ce huiti\u00e8me de finale, les Fennecs ont fait&hellip;\n","protected":false},"author":2,"featured_media":8769,"comment_status":"","ping_status":"","sticky":false,"template":"","format":"standard","meta":{"footnotes":""},"categories":[254],"tags":[255,360],"class_list":{"0":"post-8768","1":"post","2":"type-post","3":"status-publish","4":"format-standard","5":"has-post-thumbnail","7":"category-algerie","8":"tag-algerie","9":"tag-can"},"share_on_mastodon":{"url":"","error":""},"_links":{"self":[{"href":"https:\/\/www.europesays.com\/africa\/wp-json\/wp\/v2\/posts\/8768","targetHints":{"allow":["GET"]}}],"collection":[{"href":"https:\/\/www.europesays.com\/africa\/wp-json\/wp\/v2\/posts"}],"about":[{"href":"https:\/\/www.europesays.com\/africa\/wp-json\/wp\/v2\/types\/post"}],"author":[{"embeddable":true,"href":"https:\/\/www.europesays.com\/africa\/wp-json\/wp\/v2\/users\/2"}],"replies":[{"embeddable":true,"href":"https:\/\/www.europesays.com\/africa\/wp-json\/wp\/v2\/comments?post=8768"}],"version-history":[{"count":0,"href":"https:\/\/www.europesays.com\/africa\/wp-json\/wp\/v2\/posts\/8768\/revisions"}],"wp:featuredmedia":[{"embeddable":true,"href":"https:\/\/www.europesays.com\/africa\/wp-json\/wp\/v2\/media\/8769"}],"wp:attachment":[{"href":"https:\/\/www.europesays.com\/africa\/wp-json\/wp\/v2\/media?parent=8768"}],"wp:term":[{"taxonomy":"category","embeddable":true,"href":"https:\/\/www.europesays.com\/africa\/wp-json\/wp\/v2\/categories?post=8768"},{"taxonomy":"post_tag","embeddable":true,"href":"https:\/\/www.europesays.com\/africa\/wp-json\/wp\/v2\/tags?post=8768"}],"curies":[{"name":"wp","href":"https:\/\/api.w.org\/{rel}","templated":true}]}}