{"id":8791,"date":"2026-01-07T07:27:08","date_gmt":"2026-01-07T07:27:08","guid":{"rendered":"https:\/\/www.europesays.com\/africa\/8791\/"},"modified":"2026-01-07T07:27:08","modified_gmt":"2026-01-07T07:27:08","slug":"lalgerie-et-la-cote-divoire-se-qualifient-pour-les-quarts-de-finale-le-journal-de-la-can","status":"publish","type":"post","link":"https:\/\/www.europesays.com\/africa\/8791\/","title":{"rendered":"L&#8217;Alg\u00e9rie et la C\u00f4te d&#8217;Ivoire se qualifient pour les quarts de finale &#8211; Le journal de la CAN"},"content":{"rendered":"<p>A retrouver dans l\u2019\u00e9mission<\/p>\n<p>    <img decoding=\"async\" fetchpriority=\"low\" src=\"https:\/\/s.france24.com\/media\/display\/86edaaf0-b392-11ee-88d3-005056a90284\/FR-JT-CAN.svg\"  alt=\"Le journal de la CAN\" loading=\"lazy\" class=\"a-img  a-img--svg\"\/><\/p>\n<p>\n                                                L&#8217;Alg\u00e9rie et la C\u00f4te d&#8217;Ivoire sont les deux derni\u00e8res nations \u00e0 avoir valid\u00e9 leurs places en quarts de finale de la Coupe d&#8217;Afrique des Nations.\u00a0                    <\/p>\n<p>Les Fennecs se sont impos\u00e9s en fin de prolongation face \u00e0 la R\u00e9publique d\u00e9mocratique du Congo. Un but d&#8217;Adil Boulbina est venu d\u00e9livrer toute une nation qui d\u00e9sormais les yeux riv\u00e9s sur le Nigeria, son prochain adversaire.\u00a0<\/p>\n<p>De son c\u00f4t\u00e9, la C\u00f4te d&#8217;Ivoire n&#8217;a pas eu \u00e0 s&#8217;employer pour se qualifier. Une victoire face au Burkina Faso (3-0). Les hommes d&#8217;Emerse Fa\u00e9 affrontreront l&#8217;Egypte au prochain tour<\/p>\n","protected":false},"excerpt":{"rendered":"A retrouver dans l\u2019\u00e9mission L&#8217;Alg\u00e9rie et la C\u00f4te d&#8217;Ivoire sont les deux derni\u00e8res nations \u00e0 avoir valid\u00e9 leurs&hellip;\n","protected":false},"author":2,"featured_media":8792,"comment_status":"","ping_status":"","sticky":false,"template":"","format":"standard","meta":{"footnotes":""},"categories":[254],"tags":[255,6132,2701,264],"class_list":{"0":"post-8791","1":"post","2":"type-post","3":"status-publish","4":"format-standard","5":"has-post-thumbnail","7":"category-algerie","8":"tag-algerie","9":"tag-coupe-dafrique-des-nations-can","10":"tag-le-journal-de-la-can","11":"tag-sports"},"share_on_mastodon":{"url":"","error":""},"_links":{"self":[{"href":"https:\/\/www.europesays.com\/africa\/wp-json\/wp\/v2\/posts\/8791","targetHints":{"allow":["GET"]}}],"collection":[{"href":"https:\/\/www.europesays.com\/africa\/wp-json\/wp\/v2\/posts"}],"about":[{"href":"https:\/\/www.europesays.com\/africa\/wp-json\/wp\/v2\/types\/post"}],"author":[{"embeddable":true,"href":"https:\/\/www.europesays.com\/africa\/wp-json\/wp\/v2\/users\/2"}],"replies":[{"embeddable":true,"href":"https:\/\/www.europesays.com\/africa\/wp-json\/wp\/v2\/comments?post=8791"}],"version-history":[{"count":0,"href":"https:\/\/www.europesays.com\/africa\/wp-json\/wp\/v2\/posts\/8791\/revisions"}],"wp:featuredmedia":[{"embeddable":true,"href":"https:\/\/www.europesays.com\/africa\/wp-json\/wp\/v2\/media\/8792"}],"wp:attachment":[{"href":"https:\/\/www.europesays.com\/africa\/wp-json\/wp\/v2\/media?parent=8791"}],"wp:term":[{"taxonomy":"category","embeddable":true,"href":"https:\/\/www.europesays.com\/africa\/wp-json\/wp\/v2\/categories?post=8791"},{"taxonomy":"post_tag","embeddable":true,"href":"https:\/\/www.europesays.com\/africa\/wp-json\/wp\/v2\/tags?post=8791"}],"curies":[{"name":"wp","href":"https:\/\/api.w.org\/{rel}","templated":true}]}}