{"id":892,"date":"2026-01-03T18:11:09","date_gmt":"2026-01-03T18:11:09","guid":{"rendered":"https:\/\/www.europesays.com\/africa\/892\/"},"modified":"2026-01-03T18:11:09","modified_gmt":"2026-01-03T18:11:09","slug":"les-chutes-de-neige-et-la-ferveur-de-la-can-dynamisent-le-tourisme-a-ifrane","status":"publish","type":"post","link":"https:\/\/www.europesays.com\/africa\/892\/","title":{"rendered":"Les chutes de neige et la ferveur de la CAN dynamisent le tourisme \u00e0 Ifrane"},"content":{"rendered":"<p class=\"default__StyledText-sc-10mj2vp-0 CxBBS body-paragraph\">Ifrane vit au rythme d\u2019une saison touristique hors norme. La rencontre entre les paysages enneig\u00e9s du Moyen Atlas et l\u2019effervescence de la CAN 2025 a propuls\u00e9 la ville parmi les destinations les plus pris\u00e9es du moment, offrant aux visiteurs une exp\u00e9rience singuli\u00e8re m\u00ealant climat hivernal, organisation urbaine soign\u00e9e et hospitalit\u00e9 marocaine.<\/p>\n<p class=\"default__StyledText-sc-10mj2vp-0 CxBBS body-paragraph\">Le retour en force de la neige sur les sommets du Moyen Atlas a jou\u00e9 un r\u00f4le central dans cet engouement. Des milliers de Marocains, rejoints par des supporters et touristes africains et arabes venus initialement pour suivre la comp\u00e9tition continentale, ont afflu\u00e9 vers la r\u00e9gion de F\u00e8s-Mekn\u00e8s. Ifrane s\u2019est rapidement impos\u00e9e comme une halte incontournable gr\u00e2ce \u00e0 ses paysages naturels et \u00e0 son cadre unique.<\/p>\n<p class=\"default__StyledText-sc-10mj2vp-0 CxBBS body-paragraph\">Depuis les hauteurs du mont Hebri jusqu\u2019\u00e0 la route reliant Ifrane \u00e0 Azrou, les paysages enneig\u00e9s ont transform\u00e9 les for\u00eats en v\u00e9ritables cartes postales. Notre cam\u00e9ra a saisi de nombreuses sc\u00e8nes de visiteurs s\u2019arr\u00eatant pour photographier ces panoramas, signe de l\u2019affluence touristique exceptionnelle dans la r\u00e9gion.<\/p>\n<p class=\"default__StyledText-sc-10mj2vp-0 CxBBS body-paragraph\">\u00abLa neige a \u00e9t\u00e9 le principal crit\u00e8re de notre choix. Nous voulions vivre une vraie ambiance hivernale. Nous avons d\u00e9couvert une ville organis\u00e9e, propre et tr\u00e8s accueillante\u00bb, d\u00e9clare un visiteur de Nador. D\u2019autres touristes confirment que la curiosit\u00e9 initiale s\u2019est rapidement transform\u00e9e en attachement durable \u00e0 la destination.<\/p>\n<p lang=\"fr\">La neige et la Can dynamisent le tourisme \u00e0 Ifrane en ce d\u00e9but d&#8217;ann\u00e9e (Y.Jaoual\/Le360). le360<\/p>\n<p><img loading=\"lazy\" decoding=\"async\" src=\"https:\/\/fr.le360.ma\/pf\/resources\/images\/back.svg?d=289\" width=\"10\" height=\"20\"\/><img loading=\"lazy\" decoding=\"async\" src=\"https:\/\/fr.le360.ma\/pf\/resources\/images\/next.svg?d=289\" width=\"10\" height=\"20\"\/><img loading=\"lazy\" decoding=\"async\" src=\"https:\/\/fr.le360.ma\/pf\/resources\/images\/fullscreen.svg?d=289\" width=\"28\" height=\"28\"\/><img loading=\"lazy\" decoding=\"async\" src=\"https:\/\/fr.le360.ma\/pf\/resources\/images\/pause.svg?d=289\" width=\"30\" height=\"30\"\/><\/p>\n<p class=\"default__StyledText-sc-10mj2vp-0 CxBBS body-paragraph\">L\u2019ambiance de la Coupe d\u2019Afrique des nations a \u00e9galement mis en lumi\u00e8re la diversit\u00e9 climatique du Royaume. \u00abC\u2019est impressionnant de passer en quelques heures d\u2019un climat doux \u00e0 des montagnes couvertes de neige\u00bb, confie un supporter. Dans le m\u00eame esprit, la S\u00e9n\u00e9galaise Matydo, venue de Dakar, assure que cette premi\u00e8re exp\u00e9rience au Maroc restera grav\u00e9e en elle et qu\u2019elle reviendra \u00absans h\u00e9siter\u00bb.<\/p>\n<p class=\"interstitial-link block-margin-bottom\">Lire aussi : <a href=\"https:\/\/fr.le360.ma\/societe\/neige-a-ifrane-entre-bonheur-des-touristes-et-defis-logistiques_IOPZCPYUAJGEVD33SI6FEWI7IY\/\" aria-label=\"Ouvrir un article associ\u00e9\" class=\"default__StyledLink-sc-10mj2vp-1 kkYPzd\" rel=\"nofollow noopener\" target=\"_blank\">Neige \u00e0 Ifrane: entre bonheur des touristes et d\u00e9fis logistiques<\/a><\/p>\n<p class=\"default__StyledText-sc-10mj2vp-0 CxBBS body-paragraph\">Cette affluence s\u2019est traduite par des taux d\u2019occupation record dans les \u00e9tablissements d\u2019h\u00e9bergement et par une animation continue des commerces locaux. Restaurateurs, cafetiers et artisans tirent pleinement parti de cette dynamique, qui a redonn\u00e9 un souffle puissant \u00e0 l\u2019\u00e9conomie de la ville.<\/p>\n<p class=\"default__StyledText-sc-10mj2vp-0 CxBBS body-paragraph\">Port\u00e9e par cette conjoncture favorable, Ifrane confirme et renforce son positionnement de destination touristique de premier plan, d\u00e9sormais au-del\u00e0 du seul cadre national. Entre nature pr\u00e9serv\u00e9e, \u00e9v\u00e9nements sportifs et attractivit\u00e9 hivernale, la ville s\u2019impose peu \u00e0 peu comme une v\u00e9ritable \u00abSuisse de l\u2019Afrique\u00bb, vitrine d\u2019un tourisme qui conjugue paysages d\u2019exception et grands rendez-vous internationaux.<\/p>\n","protected":false},"excerpt":{"rendered":"Ifrane vit au rythme d\u2019une saison touristique hors norme. La rencontre entre les paysages enneig\u00e9s du Moyen Atlas&hellip;\n","protected":false},"author":2,"featured_media":893,"comment_status":"","ping_status":"","sticky":false,"template":"","format":"standard","meta":{"footnotes":""},"categories":[41],"tags":[1190,1187,158,1188,1189,1191],"class_list":{"0":"post-892","1":"post","2":"type-post","3":"status-publish","4":"format-standard","5":"has-post-thumbnail","7":"category-maroc","8":"tag-can2025","9":"tag-ifrane","10":"tag-maroc","11":"tag-neige","12":"tag-tourisme","13":"tag-visiteurs"},"share_on_mastodon":{"url":"","error":""},"_links":{"self":[{"href":"https:\/\/www.europesays.com\/africa\/wp-json\/wp\/v2\/posts\/892","targetHints":{"allow":["GET"]}}],"collection":[{"href":"https:\/\/www.europesays.com\/africa\/wp-json\/wp\/v2\/posts"}],"about":[{"href":"https:\/\/www.europesays.com\/africa\/wp-json\/wp\/v2\/types\/post"}],"author":[{"embeddable":true,"href":"https:\/\/www.europesays.com\/africa\/wp-json\/wp\/v2\/users\/2"}],"replies":[{"embeddable":true,"href":"https:\/\/www.europesays.com\/africa\/wp-json\/wp\/v2\/comments?post=892"}],"version-history":[{"count":0,"href":"https:\/\/www.europesays.com\/africa\/wp-json\/wp\/v2\/posts\/892\/revisions"}],"wp:featuredmedia":[{"embeddable":true,"href":"https:\/\/www.europesays.com\/africa\/wp-json\/wp\/v2\/media\/893"}],"wp:attachment":[{"href":"https:\/\/www.europesays.com\/africa\/wp-json\/wp\/v2\/media?parent=892"}],"wp:term":[{"taxonomy":"category","embeddable":true,"href":"https:\/\/www.europesays.com\/africa\/wp-json\/wp\/v2\/categories?post=892"},{"taxonomy":"post_tag","embeddable":true,"href":"https:\/\/www.europesays.com\/africa\/wp-json\/wp\/v2\/tags?post=892"}],"curies":[{"name":"wp","href":"https:\/\/api.w.org\/{rel}","templated":true}]}}