{"id":8942,"date":"2026-01-07T09:13:08","date_gmt":"2026-01-07T09:13:08","guid":{"rendered":"https:\/\/www.europesays.com\/africa\/8942\/"},"modified":"2026-01-07T09:13:08","modified_gmt":"2026-01-07T09:13:08","slug":"senegal-la-banque-de-dakar-obtient-la-condamnation-degcd-sa","status":"publish","type":"post","link":"https:\/\/www.europesays.com\/africa\/8942\/","title":{"rendered":"S\u00e9n\u00e9gal : la Banque de Dakar obtient la condamnation d\u2019EGCD SA\u00a0"},"content":{"rendered":"<p>A Dakar, la juridiction comp\u00e9tente en mati\u00e8re commerciale a rendu ce lundi 5 janvier une d\u00e9cision en premi\u00e8re instance dans l\u2019affaire opposant la Banque de Dakar, repr\u00e9sent\u00e9e par la SCP Syss Avocats, \u00e0 l\u2019Entreprise G\u00e9n\u00e9rale de Construction et de Distribution (EGCD SA) ainsi qu\u2019\u00e0 son dirigeant, Massamba Fall, assist\u00e9s par Me Baboucar Ciss\u00e9. Le tribunal\u2026&#8230; <\/p>\n<p>Ce contenu est r\u00e9serv\u00e9 aux membres du niveau Premium, Semestriel, Trimestriel, Mensuel, Hebdomadaire, Un jour, et T\u00e9l\u00e9charger un MAGAZINE (PDF) uniquement.<br \/><a href=\"https:\/\/www.financialafrik.com\/compte-dadherent\/niveaux-dadhesion\/\" rel=\"nofollow noopener\" target=\"_blank\">Adh\u00e9rer<\/a><\/p>\n","protected":false},"excerpt":{"rendered":"A Dakar, la juridiction comp\u00e9tente en mati\u00e8re commerciale a rendu ce lundi 5 janvier une d\u00e9cision en premi\u00e8re&hellip;\n","protected":false},"author":2,"featured_media":8943,"comment_status":"","ping_status":"","sticky":false,"template":"","format":"standard","meta":{"footnotes":""},"categories":[48],"tags":[4971,6271,159],"class_list":{"0":"post-8942","1":"post","2":"type-post","3":"status-publish","4":"format-standard","5":"has-post-thumbnail","7":"category-senegal","8":"tag-alerte","9":"tag-banque-de-dakar","10":"tag-senegal"},"share_on_mastodon":{"url":"","error":""},"_links":{"self":[{"href":"https:\/\/www.europesays.com\/africa\/wp-json\/wp\/v2\/posts\/8942","targetHints":{"allow":["GET"]}}],"collection":[{"href":"https:\/\/www.europesays.com\/africa\/wp-json\/wp\/v2\/posts"}],"about":[{"href":"https:\/\/www.europesays.com\/africa\/wp-json\/wp\/v2\/types\/post"}],"author":[{"embeddable":true,"href":"https:\/\/www.europesays.com\/africa\/wp-json\/wp\/v2\/users\/2"}],"replies":[{"embeddable":true,"href":"https:\/\/www.europesays.com\/africa\/wp-json\/wp\/v2\/comments?post=8942"}],"version-history":[{"count":0,"href":"https:\/\/www.europesays.com\/africa\/wp-json\/wp\/v2\/posts\/8942\/revisions"}],"wp:featuredmedia":[{"embeddable":true,"href":"https:\/\/www.europesays.com\/africa\/wp-json\/wp\/v2\/media\/8943"}],"wp:attachment":[{"href":"https:\/\/www.europesays.com\/africa\/wp-json\/wp\/v2\/media?parent=8942"}],"wp:term":[{"taxonomy":"category","embeddable":true,"href":"https:\/\/www.europesays.com\/africa\/wp-json\/wp\/v2\/categories?post=8942"},{"taxonomy":"post_tag","embeddable":true,"href":"https:\/\/www.europesays.com\/africa\/wp-json\/wp\/v2\/tags?post=8942"}],"curies":[{"name":"wp","href":"https:\/\/api.w.org\/{rel}","templated":true}]}}