{"id":8960,"date":"2026-01-07T09:27:13","date_gmt":"2026-01-07T09:27:13","guid":{"rendered":"https:\/\/www.europesays.com\/africa\/8960\/"},"modified":"2026-01-07T09:27:13","modified_gmt":"2026-01-07T09:27:13","slug":"comment-le-lutteur-garga-est-finalement-tombe","status":"publish","type":"post","link":"https:\/\/www.europesays.com\/africa\/8960\/","title":{"rendered":"Comment le lutteur \u00ab Garga \u00bb est finalement tomb\u00e9"},"content":{"rendered":"<p>Un lutteur bien connu du quartier de Yeumbeul Sud, \u00e0 Dakar, est actuellement en garde \u00e0 vue dans le cadre d\u2019une enqu\u00eate pour viols aggrav\u00e9s sur mineure. L\u2019individu, r\u00e9pondant au sobriquet de \u00ab Garga \u00bb et identifi\u00e9 comme Khadim Dieng, 36 ans, ma\u00e7on et lutteur, est accus\u00e9 par une adolescente de 16 ans, A. Niang, d\u2019abus sexuels r\u00e9p\u00e9t\u00e9s. Les faits, qui auraient eu lieu en divers endroits, ont \u00e9t\u00e9 port\u00e9s \u00e0 la connaissance des autorit\u00e9s fin d\u00e9cembre 2025.            <\/p>\n<p class=\"pread\" style=\"background: #fff6d3;font-size:17px !important;padding:0px 0 16px 0;border:none;font-family:'source-sans-pro' !important;color:#444 !important;\">\n<p>La suite est r\u00e9serv\u00e9e \u00e0 nos abonn\u00e9s.<br \/>D\u00e9j\u00e0 abonn\u00e9 ? <a href=\"https:\/\/www.senenews.com\/login?redirect_to=https:\/\/www.senenews.com\/premium\/viols-repetes-sur-a-niang-comment-le-lutteur-garga-est-finalement-tombe_571776.html\" style=\"text-decoration: underline !important;font-weight: bold;\" rel=\"nofollow noopener\" target=\"_blank\">Se connecter<\/a><\/p>\n<p>Profitez de 3 mois offerts<br \/>et acc\u00e9dez \u00e0 tous nos contenus<br \/>sans aucune publicit\u00e9<\/p>\n<p style=\"text-align:center;font-size:14px;font-family:'source-sans-pro'\">\n<a href=\"https:\/\/www.senenews.com\/rejoignez-senenews-premium-pour-soutenir-une-redaction-libre-et-independante\" style=\"text-decoration:none!important;border-bottom:1px solid\" rel=\"nofollow noopener\" target=\"_blank\">Pourquoi vous devez soutenir l\u2019initiative Senenews Premium?<\/a><\/p>\n","protected":false},"excerpt":{"rendered":"Un lutteur bien connu du quartier de Yeumbeul Sud, \u00e0 Dakar, est actuellement en garde \u00e0 vue dans&hellip;\n","protected":false},"author":2,"featured_media":8961,"comment_status":"","ping_status":"","sticky":false,"template":"","format":"standard","meta":{"footnotes":""},"categories":[48],"tags":[161,6289,5599,159,163,239],"class_list":{"0":"post-8960","1":"post","2":"type-post","3":"status-publish","4":"format-standard","5":"has-post-thumbnail","7":"category-senegal","8":"tag-articles-premium","9":"tag-garga","10":"tag-lamb","11":"tag-senegal","12":"tag-senegal-actualites","13":"tag-societe"},"share_on_mastodon":{"url":"","error":""},"_links":{"self":[{"href":"https:\/\/www.europesays.com\/africa\/wp-json\/wp\/v2\/posts\/8960","targetHints":{"allow":["GET"]}}],"collection":[{"href":"https:\/\/www.europesays.com\/africa\/wp-json\/wp\/v2\/posts"}],"about":[{"href":"https:\/\/www.europesays.com\/africa\/wp-json\/wp\/v2\/types\/post"}],"author":[{"embeddable":true,"href":"https:\/\/www.europesays.com\/africa\/wp-json\/wp\/v2\/users\/2"}],"replies":[{"embeddable":true,"href":"https:\/\/www.europesays.com\/africa\/wp-json\/wp\/v2\/comments?post=8960"}],"version-history":[{"count":0,"href":"https:\/\/www.europesays.com\/africa\/wp-json\/wp\/v2\/posts\/8960\/revisions"}],"wp:featuredmedia":[{"embeddable":true,"href":"https:\/\/www.europesays.com\/africa\/wp-json\/wp\/v2\/media\/8961"}],"wp:attachment":[{"href":"https:\/\/www.europesays.com\/africa\/wp-json\/wp\/v2\/media?parent=8960"}],"wp:term":[{"taxonomy":"category","embeddable":true,"href":"https:\/\/www.europesays.com\/africa\/wp-json\/wp\/v2\/categories?post=8960"},{"taxonomy":"post_tag","embeddable":true,"href":"https:\/\/www.europesays.com\/africa\/wp-json\/wp\/v2\/tags?post=8960"}],"curies":[{"name":"wp","href":"https:\/\/api.w.org\/{rel}","templated":true}]}}