{"id":9026,"date":"2026-01-07T10:11:09","date_gmt":"2026-01-07T10:11:09","guid":{"rendered":"https:\/\/www.europesays.com\/africa\/9026\/"},"modified":"2026-01-07T10:11:09","modified_gmt":"2026-01-07T10:11:09","slug":"can-2025-lalgerie-et-la-cote-divoire-completent-le-tableau-des-quarts-de-finale","status":"publish","type":"post","link":"https:\/\/www.europesays.com\/africa\/9026\/","title":{"rendered":"CAN 2025 : l&#8217;Alg\u00e9rie et la C\u00f4te d&#8217;Ivoire compl\u00e8tent le tableau des quarts de finale"},"content":{"rendered":"<p>  Par&amp;nbsp<a href=\"https:\/\/fr.euronews.com\/profils\/2606\" rel=\"nofollow noopener\" target=\"_blank\">Mohamed Elashi<\/a>&amp;nbsp&amp;&amp;nbspAfricanews&amp;nbspavec&amp;nbspAP<\/p>\n<p>\n         Publi\u00e9 le<br \/>\n            07\/01\/2026 &#8211; 10:33 UTC+1\n            <\/p>\n<p>L&#8217;Alg\u00e9rie a eu besoin d&#8217;un but brillant d&#8217;Adil Boulbina \u00e0 la fin de la prolongation pour battre le Congo 1-0, et Amad Diallo et Yan Diomand\u00e9 ont tous deux marqu\u00e9 et pr\u00e9par\u00e9 la victoire de la C\u00f4te d&#8217;Ivoire, qui s&#8217;est impos\u00e9e 3-0 face au Burkina Faso. Bazoumana Tour\u00e9 a scell\u00e9 la victoire des El\u00e9phants.<\/p>\n<p>Le champion en titre affrontera l&#8217;\u00c9gypte \u00e0 Agadir dans le dernier quart de finale samedi, apr\u00e8s que l&#8217;Alg\u00e9rie aura jou\u00e9 contre le Nigeria \u00e0 Marrakech.<\/p>\n<p>Le Mali affrontera le S\u00e9n\u00e9gal, vainqueur de 2021, dans le premier quart de finale \u00e0 Tanger vendredi, avant que le pays h\u00f4te, le Maroc, ne re\u00e7oive le Cameroun, cinq fois vainqueur, dans le stade Prince Moulay Abdellah de Rabat, d&#8217;une capacit\u00e9 de pr\u00e8s de 70 000 places, o\u00f9 le vainqueur jouera \u00e9galement la demi-finale et la finale le 18 janvier s&#8217;il se rend jusque-l\u00e0.<\/p>\n<p>Le vainqueur du quart de finale entre le Maroc et le Cameroun affrontera le vainqueur du match Alg\u00e9rie-Nigeria le 14 janvier.<\/p>\n<p>L&#8217;autre demi-finale &#8211; entre les vainqueurs du Mali et du S\u00e9n\u00e9gal et de l&#8217;\u00c9gypte et de la C\u00f4te d&#8217;Ivoire &#8211; se jouera le m\u00eame jour \u00e0 Tanger.<\/p>\n","protected":false},"excerpt":{"rendered":"Par&amp;nbspMohamed Elashi&amp;nbsp&amp;&amp;nbspAfricanews&amp;nbspavec&amp;nbspAP Publi\u00e9 le 07\/01\/2026 &#8211; 10:33 UTC+1 L&#8217;Alg\u00e9rie a eu besoin d&#8217;un but brillant d&#8217;Adil Boulbina \u00e0&hellip;\n","protected":false},"author":2,"featured_media":9027,"comment_status":"","ping_status":"","sticky":false,"template":"","format":"standard","meta":{"footnotes":""},"categories":[254],"tags":[3779,255,360,719],"class_list":{"0":"post-9026","1":"post","2":"type-post","3":"status-publish","4":"format-standard","5":"has-post-thumbnail","7":"category-algerie","8":"tag-africanews","9":"tag-algerie","10":"tag-can","11":"tag-football-africain"},"share_on_mastodon":{"url":"","error":""},"_links":{"self":[{"href":"https:\/\/www.europesays.com\/africa\/wp-json\/wp\/v2\/posts\/9026","targetHints":{"allow":["GET"]}}],"collection":[{"href":"https:\/\/www.europesays.com\/africa\/wp-json\/wp\/v2\/posts"}],"about":[{"href":"https:\/\/www.europesays.com\/africa\/wp-json\/wp\/v2\/types\/post"}],"author":[{"embeddable":true,"href":"https:\/\/www.europesays.com\/africa\/wp-json\/wp\/v2\/users\/2"}],"replies":[{"embeddable":true,"href":"https:\/\/www.europesays.com\/africa\/wp-json\/wp\/v2\/comments?post=9026"}],"version-history":[{"count":0,"href":"https:\/\/www.europesays.com\/africa\/wp-json\/wp\/v2\/posts\/9026\/revisions"}],"wp:featuredmedia":[{"embeddable":true,"href":"https:\/\/www.europesays.com\/africa\/wp-json\/wp\/v2\/media\/9027"}],"wp:attachment":[{"href":"https:\/\/www.europesays.com\/africa\/wp-json\/wp\/v2\/media?parent=9026"}],"wp:term":[{"taxonomy":"category","embeddable":true,"href":"https:\/\/www.europesays.com\/africa\/wp-json\/wp\/v2\/categories?post=9026"},{"taxonomy":"post_tag","embeddable":true,"href":"https:\/\/www.europesays.com\/africa\/wp-json\/wp\/v2\/tags?post=9026"}],"curies":[{"name":"wp","href":"https:\/\/api.w.org\/{rel}","templated":true}]}}