{"id":9045,"date":"2026-01-07T10:23:06","date_gmt":"2026-01-07T10:23:06","guid":{"rendered":"https:\/\/www.europesays.com\/africa\/9045\/"},"modified":"2026-01-07T10:23:06","modified_gmt":"2026-01-07T10:23:06","slug":"sappuyer-sur-lexpertise-locale-pour-connaitre-le-recul-de-la-biodiversite-en-afrique-subsaharienne","status":"publish","type":"post","link":"https:\/\/www.europesays.com\/africa\/9045\/","title":{"rendered":"S\u2019appuyer sur l\u2019expertise locale pour conna\u00eetre le recul de la biodiversit\u00e9 en Afrique subsaharienne"},"content":{"rendered":"\n<p>L\u2019\u00e9trange animal semblant poser dans un parterre de fleurs roses, \u00e0 la une de l\u2019\u00e9dition dat\u00e9e du 1er\u00a0janvier de Nature, est un bubale (Alcelaphus buselaphus), un genre d\u2019antilope africaine de la famille des bovid\u00e9s. Prise en Afrique du Sud, cette image symbolise la richesse de la faune et de la flore d\u2019Afrique subsaharienne, une partie du monde sous-\u00e9tudi\u00e9e et sous-repr\u00e9sent\u00e9e dans les ensembles de donn\u00e9es sur la biodiversit\u00e9.<\/p>\n<p>\u201cAlors que la r\u00e9gion doit faire face \u00e0 des urgences socio-\u00e9conomiques parmi les plus importantes du monde, elle enregistre un recul de sa biodiversit\u00e9 \u00e0 un rythme alarmant, <a class=\"ithalc\" data-ithal=\"lien_externe\" data-ithalc=\"[nav_article]\" target=\"_blank\" href=\"https:\/\/www.nature.com\/articles\/d41586-025-04007-2\" rel=\"nofollow noopener\">d\u00e9plorent <\/a><a class=\"ithalc\" data-ithal=\"lien_externe\" data-ithalc=\"[nav_article]\" target=\"_blank\" href=\"https:\/\/www.nature.com\/articles\/d41586-025-04007-2\" rel=\"nofollow noopener\">les chercheurs<\/a> dans un article qui r\u00e9sume leurs travaux <a class=\"ithalc\" data-ithal=\"lien_externe\" data-ithalc=\"[nav_article]\" target=\"_blank\" href=\"https:\/\/www.nature.com\/articles\/s41586-025-09781-7\" rel=\"nofollow noopener\">publi\u00e9s le 3\u00a0d\u00e9cembre<\/a>. La richesse de cette biodiversit\u00e9 constitue pourtant pour elle un atout crucial pour b\u00e2tir un avenir juste et durable.\u201d<\/p>\n<p>Hayley Clements et ses coll\u00e8gues ont tent\u00e9 de r\u00e9aliser l\u2019\u00e9tude la plus exhaustive possible de l\u2019\u00e9tat de la biodiversit\u00e9 en Afrique subsaharienne. Ils ont montr\u00e9 que l\u2019abondance faunique et florale de la r\u00e9gion avait r\u00e9gress\u00e9 en moyenne de 24\u00a0% par rapport \u00e0 la p\u00e9riode pr\u00e9industrielle. Avec moins de 55\u00a0% de leur patrimoine pr\u00e9existant, le Rwanda et le Nigeria sont les pays les moins bien pr\u00e9serv\u00e9s, tandis que la Namibie et le Botswana, \u00e0 environ 85\u00a0%, sont ceux qui le sont le plus.<\/p>\n<p>                    Appuyer les d\u00e9cisions politiques       <\/p>\n<p>Mais, plus que les r\u00e9sultats eux-m\u00eames, c\u2019est la m\u00e9thodologie employ\u00e9e qui pr\u00e9sente un int\u00e9r\u00eat particulier. \u201cLes donn\u00e9es pr\u00e9sent\u00e9es, utilis\u00e9es pour estimer l\u2019indice d\u2019int\u00e9grit\u00e9 de la biodiversit\u00e9 (BII), ont \u00e9t\u00e9 recueillies en employant une m\u00e9thode claire et reproductible, fond\u00e9e sur des avis d\u2019experts\u201d, rel\u00e8ve Taofeek Muraina, qui n\u2019a pas particip\u00e9 \u00e0 l\u2019\u00e9tude mais en a \u00e9t\u00e9 l\u2019un des relecteurs. \u00c9cologue \u00e0 l\u2019universit\u00e9 du Texas, il salue l\u2019\u00e9norme travail des chercheurs qui ont compil\u00e9 des informations glan\u00e9es aupr\u00e8s d\u2019environ 200 sp\u00e9cialistes locaux de la biodiversit\u00e9.<\/p>\n<p>Leur approche int\u00e8gre des connaissances contextuelles et territoriales dans une \u00e9valuation comparative de la biodiversit\u00e9 \u00e0 plusieurs \u00e9chelles, qui peut \u00eatre utilis\u00e9e pour appuyer les d\u00e9cisions politiques sur les plans national, r\u00e9gional et mondial, assurent les chercheurs.<\/p>\n<p>\u201cL\u2019int\u00e9r\u00eat de cet article est qu\u2019il offre une vue d\u2019ensemble de l\u2019\u00e9tat de conservation de la biodiversit\u00e9 dans une r\u00e9gion peu \u00e9tudi\u00e9e.\u00a0Ses auteurs y privil\u00e9gient une approche fond\u00e9e sur l\u2019avis de sp\u00e9cialistes, ce qui pourrait contribuer \u00e0 faire progresser les \u00e9valuations de la biodiversit\u00e9 dans des domaines mal document\u00e9s\u201d, explique l\u2019\u00e9quipe \u00e9ditoriale de Nature, justifiant ainsi son choix de mettre ce travail \u00e0 l\u2019honneur pour commencer l\u2019ann\u00e9e 2026.<\/p>\n","protected":false},"excerpt":{"rendered":"L\u2019\u00e9trange animal semblant poser dans un parterre de fleurs roses, \u00e0 la une de l\u2019\u00e9dition dat\u00e9e du 1er\u00a0janvier&hellip;\n","protected":false},"author":2,"featured_media":9046,"comment_status":"","ping_status":"","sticky":false,"template":"","format":"standard","meta":{"footnotes":""},"categories":[62],"tags":[64,356,6338,6337],"class_list":{"0":"post-9045","1":"post","2":"type-post","3":"status-publish","4":"format-standard","5":"has-post-thumbnail","7":"category-afrique","8":"tag-afrique","9":"tag-afrique-du-sud","10":"tag-biodiversitu00e9","11":"tag-sciences-et-environnement"},"share_on_mastodon":{"url":"","error":""},"_links":{"self":[{"href":"https:\/\/www.europesays.com\/africa\/wp-json\/wp\/v2\/posts\/9045","targetHints":{"allow":["GET"]}}],"collection":[{"href":"https:\/\/www.europesays.com\/africa\/wp-json\/wp\/v2\/posts"}],"about":[{"href":"https:\/\/www.europesays.com\/africa\/wp-json\/wp\/v2\/types\/post"}],"author":[{"embeddable":true,"href":"https:\/\/www.europesays.com\/africa\/wp-json\/wp\/v2\/users\/2"}],"replies":[{"embeddable":true,"href":"https:\/\/www.europesays.com\/africa\/wp-json\/wp\/v2\/comments?post=9045"}],"version-history":[{"count":0,"href":"https:\/\/www.europesays.com\/africa\/wp-json\/wp\/v2\/posts\/9045\/revisions"}],"wp:featuredmedia":[{"embeddable":true,"href":"https:\/\/www.europesays.com\/africa\/wp-json\/wp\/v2\/media\/9046"}],"wp:attachment":[{"href":"https:\/\/www.europesays.com\/africa\/wp-json\/wp\/v2\/media?parent=9045"}],"wp:term":[{"taxonomy":"category","embeddable":true,"href":"https:\/\/www.europesays.com\/africa\/wp-json\/wp\/v2\/categories?post=9045"},{"taxonomy":"post_tag","embeddable":true,"href":"https:\/\/www.europesays.com\/africa\/wp-json\/wp\/v2\/tags?post=9045"}],"curies":[{"name":"wp","href":"https:\/\/api.w.org\/{rel}","templated":true}]}}