{"id":9049,"date":"2026-01-07T10:25:08","date_gmt":"2026-01-07T10:25:08","guid":{"rendered":"https:\/\/www.europesays.com\/africa\/9049\/"},"modified":"2026-01-07T10:25:08","modified_gmt":"2026-01-07T10:25:08","slug":"can-2025-paris-lyon-marseille-toulouse-scenes-de-liesse-et-parfois-de-violences-apres-la-qualification-de-lalgerie","status":"publish","type":"post","link":"https:\/\/www.europesays.com\/africa\/9049\/","title":{"rendered":"CAN 2025\u00a0: Paris, Lyon, Marseille, Toulouse\u2026 sc\u00e8nes de liesse et parfois de violences apr\u00e8s la qualification de l\u2019Alg\u00e9rie"},"content":{"rendered":"<p class=\"paragraph text_align_left lp-f-body-02\">One, two, three\u2026 on conna\u00eet le refrain ! La <a href=\"https:\/\/www.leparisien.fr\/sports\/football\/coupe-d-afrique-des-nations\/algerie-rd-congo-juste-entre-en-jeu-boulbina-envoie-les-fennecs-en-quarts-de-finale-dune-frappe-exceptionnelle-en-fin-de-prolongation-06-01-2026-IWJAEW35FFGPFBH4GHMUNTF56I.php\" target=\"_blank\" rel=\"noreferrer nofollow noopener\">qualification \u00e9pique et tardive<\/a> de l\u2019<a href=\"https:\/\/www.leparisien.fr\/sports\/football\/algerie\/\" target=\"_blank\" rel=\"noreferrer nofollow noopener\">Alg\u00e9rie<\/a> pour les quarts de finale de la <a href=\"https:\/\/www.leparisien.fr\/sports\/football\/coupe-d-afrique-des-nations\/\" target=\"_blank\" rel=\"noreferrer nofollow noopener\">CAN 2025<\/a>, gr\u00e2ce au <a href=\"https:\/\/www.leparisien.fr\/sports\/football\/coupe-d-afrique-des-nations\/quand-les-reves-deviennent-realite-adil-boulbina-linvite-surprise-devenu-heros-de-lalgerie-a-la-can-06-01-2026-RULPJJXMBJEQVOT4ZL2RIHSJ3Q.php\" target=\"_blank\" rel=\"noreferrer nofollow noopener\">but sublime d\u2019Adil Boulbina au bout des prolongations<\/a>, a offert au peuple alg\u00e9rien \u00e0 travers le monde une occasion de c\u00e9l\u00e9brer.<\/p>\n<p class=\"\">En France, les sc\u00e8nes de liesse dans la rue apr\u00e8s les exploits footballistiques des Fennecs sont habituelles. Parfois redout\u00e9s. Ce mardi, dans quelques grandes villes, cette qualification a donn\u00e9 lieu \u00e0 des rassemblements spontan\u00e9s et c\u00e9l\u00e9brations collectives. Obligeant parfois la police \u00e0 intervenir.<\/p>\n<p>La station Barb\u00e8s ferm\u00e9e pendant une heure<\/p>\n<p class=\"\">\u00c0 Paris, sur les r\u00e9seaux sociaux, quelques vid\u00e9os circulent d\u2019un rassemblement festif dans le quartier de Barb\u00e8s, avec quelques craquages de fumig\u00e8nes. Par mesure de s\u00e9curit\u00e9, la RATP a cess\u00e9 de desservir la station entre 20h30 et 21h30, ce mardi soir.<\/p>\n<p class=\"\">M\u00eames sc\u00e8nes \u00e0 Lyon, notamment dans le quartier de la Guilloti\u00e8re. Selon <a href=\"https:\/\/www.leprogres.fr\/sport\/2026\/01\/06\/can-2025-victoire-de-l-algerie-dans-les-dernieres-minutes-face-au-congo-les-supporters-en-liesse-a-guillotiere\" target=\"_blank\" rel=\"noreferrer nofollow noopener\">Le Progr\u00e8s<\/a>, une personne a \u00e9t\u00e9 interpell\u00e9e dans une soir\u00e9e globalement calme, qui \u00e9tait encadr\u00e9e par un \u00ab important dispositif policier \u00bb. \u00ab Selon les autorit\u00e9s, jusqu\u2019\u00e0 500 personnes se sont rassembl\u00e9es place Gabriel-P\u00e9ri. \u00bb, pr\u00e9cise le quotidien local.<\/p>\n<p class=\"\">Les rassemblements ont temporairement provoqu\u00e9 un ralentissement du trafic et quelques embouteillages, ce dont s\u2019est vivement \u00e9mue la d\u00e9put\u00e9e RN du Rh\u00f4ne Tiffany Joncour <a href=\"https:\/\/x.com\/Tiffany_Joncour\/status\/2008635810933772703\" target=\"_blank\" rel=\"noreferrer nofollow\">sur X<\/a>. Comme \u00e0 Paris, certaines stations de transport ont d\u00fb \u00eatre ferm\u00e9es bri\u00e8vement dans la soir\u00e9e.<\/p>\n<p>Des mortiers tir\u00e9s vers la police \u00e0 Lille<\/p>\n<p class=\"\">Dans le Nord, \u00e0 Lille et \u00e0 Roubaix, les autorit\u00e9s attendaient \u00e9galement de potentiels d\u00e9bordements en cas de victoire alg\u00e9rienne \u00e0 la CAN. La Voix du Nord rapporte que \u00ab des mortiers d\u2019artifice ont \u00e9t\u00e9 tir\u00e9s vers les policiers \u00bb \u00e0 Lille. Les supporters alg\u00e9riens se sont rassembl\u00e9s autour de la porte des Postes, qui a \u00e9t\u00e9 ferm\u00e9e \u00e0 la circulation. Selon nos informations, lors d\u2019une man\u0153uvre, un policier \u00e9tait l\u00e9g\u00e8rement bless\u00e9 sans qu\u2019il ne cesse son service.<\/p>\n<p><img decoding=\"async\" class=\"image \" loading=\"lazy\" src=\"https:\/\/www.europesays.com\/africa\/wp-content\/uploads\/2026\/01\/NZLNL6N5LBCIDHV3YGA5HZB5UY.jpg\" alt=\"Feux d'artifice \u00e0 Roubaix lors d'un rassemblement apr\u00e8s la victoire de l'Alg\u00e9rie en 1\/8e de finale de la CAN. Thierry Thorel \/ La Voix du Nord\" align=\"\" data-rubrique-principale=\"\" data-article-type=\"\" fetchpriority=\"auto\"\/>Feux d&#8217;artifice \u00e0 Roubaix lors d&#8217;un rassemblement apr\u00e8s la victoire de l&#8217;Alg\u00e9rie en 1\/8e de finale de la CAN. Thierry Thorel \/ La Voix du Nord<\/p>\n<p class=\"\">\u00c0 Roubaix enfin, apr\u00e8s que les trois pr\u00e9c\u00e9dents matchs de l\u2019Alg\u00e9rie avaient \u00ab suscit\u00e9 des mouvements de foule importants \u00bb, comme l\u2019avait rappel\u00e9 le maire de la ville, un dispositif de s\u00e9curit\u00e9 plus muscl\u00e9 avait \u00e9t\u00e9 mis en place, avec notamment des blocs de b\u00e9ton et des restrictions de circulation. Ce qui n\u2019a pas emp\u00each\u00e9 <a href=\"https:\/\/x.com\/MaelCamerlynck\/status\/2008654179959795795\/video\/1\" target=\"_blank\" rel=\"noreferrer nofollow\">les supporters de se rassembler<\/a> et quelques d\u00e9bordements d\u2019\u00e9clater. Plusieurs vid\u00e9os sur les r\u00e9seaux sociaux montrent des tensions entre la foule et les forces de l\u2019ordre, et des v\u00e9hicules et poubelles en feu. L\u00e0 encore, les policiers ont \u00e9t\u00e9 vis\u00e9s par des tirs de mortiers.<\/p>\n<p>M\u00eames sc\u00e8nes \u00e0 Marseille et Toulouse<\/p>\n<p class=\"\">M\u00eame chose \u00e0 Marseille, sur le Vieux-Port, o\u00f9 pr\u00e8s de 2000 supporters alg\u00e9riens se sont rassembl\u00e9s, encadr\u00e9s par des policiers. Ils ont \u00e9t\u00e9 cette fois vis\u00e9s par des tirs de fumig\u00e8ne et autres projectiles \u00ab de la part de petits groupes \u00bb, pr\u00e9cisent les autorit\u00e9s.<\/p>\n<p class=\"\">\u00c0 Toulouse, o\u00f9 la police s\u00e9curisait le centre-ville et le quartier sensible du Mirail, des \u00ab supporters \u00bb ont incendi\u00e9 quatre v\u00e9hicules tandis que d\u2019autres ont encore une fois vis\u00e9 les forces de l\u2019ordre avec des mortiers d\u2019artifice.<\/p>\n","protected":false},"excerpt":{"rendered":"One, two, three\u2026 on conna\u00eet le refrain ! La qualification \u00e9pique et tardive de l\u2019Alg\u00e9rie pour les quarts&hellip;\n","protected":false},"author":2,"featured_media":9050,"comment_status":"","ping_status":"","sticky":false,"template":"","format":"standard","meta":{"footnotes":""},"categories":[254],"tags":[255,360,1601,311,264],"class_list":{"0":"post-9049","1":"post","2":"type-post","3":"status-publish","4":"format-standard","5":"has-post-thumbnail","7":"category-algerie","8":"tag-algerie","9":"tag-can","10":"tag-faits-divers","11":"tag-football","12":"tag-sports"},"share_on_mastodon":{"url":"","error":""},"_links":{"self":[{"href":"https:\/\/www.europesays.com\/africa\/wp-json\/wp\/v2\/posts\/9049","targetHints":{"allow":["GET"]}}],"collection":[{"href":"https:\/\/www.europesays.com\/africa\/wp-json\/wp\/v2\/posts"}],"about":[{"href":"https:\/\/www.europesays.com\/africa\/wp-json\/wp\/v2\/types\/post"}],"author":[{"embeddable":true,"href":"https:\/\/www.europesays.com\/africa\/wp-json\/wp\/v2\/users\/2"}],"replies":[{"embeddable":true,"href":"https:\/\/www.europesays.com\/africa\/wp-json\/wp\/v2\/comments?post=9049"}],"version-history":[{"count":0,"href":"https:\/\/www.europesays.com\/africa\/wp-json\/wp\/v2\/posts\/9049\/revisions"}],"wp:featuredmedia":[{"embeddable":true,"href":"https:\/\/www.europesays.com\/africa\/wp-json\/wp\/v2\/media\/9050"}],"wp:attachment":[{"href":"https:\/\/www.europesays.com\/africa\/wp-json\/wp\/v2\/media?parent=9049"}],"wp:term":[{"taxonomy":"category","embeddable":true,"href":"https:\/\/www.europesays.com\/africa\/wp-json\/wp\/v2\/categories?post=9049"},{"taxonomy":"post_tag","embeddable":true,"href":"https:\/\/www.europesays.com\/africa\/wp-json\/wp\/v2\/tags?post=9049"}],"curies":[{"name":"wp","href":"https:\/\/api.w.org\/{rel}","templated":true}]}}