{"id":9078,"date":"2026-01-07T10:41:08","date_gmt":"2026-01-07T10:41:08","guid":{"rendered":"https:\/\/www.europesays.com\/africa\/9078\/"},"modified":"2026-01-07T10:41:08","modified_gmt":"2026-01-07T10:41:08","slug":"wissam-ben-yedder-signe-au-maroc-off","status":"publish","type":"post","link":"https:\/\/www.europesays.com\/africa\/9078\/","title":{"rendered":"Wissam Ben Yedder signe au Maroc (off)"},"content":{"rendered":"<p>C\u2019\u00e9tait annonc\u00e9, c\u2019est d\u00e9sormais officiel. Ce mardi soir, le Wydad Athletic Club de Casablanca a annonc\u00e9 la signature de Wissam Ben Yedder pour les six prochains mois. L\u2019international fran\u00e7ais d\u00e9barque en provenance de deuxi\u00e8me division turque, o\u00f9 il \u00e9voluait ces quatre derniers mois du c\u00f4t\u00e9 de Sakaryaspor. L\u2019attaquant continue son tour du monde, lui qui \u00e9tait parti en Iran, \u00e0 Sepahan, apr\u00e8s la fin de son contrat \u00e0 l\u2019AS Monaco. Le joueur de 35 ans rejoint un cador africain, en t\u00eate du championnat marocain pour le moment. Le natif de Sarcelles (Val-d\u2019Oise) connait plusieurs d\u00e9boires avec la justice fran\u00e7aise depuis plusieurs mois d\u00e9sormais. Il a \u00e9t\u00e9 renvoy\u00e9 devant la cour criminelle des Alpes-Maritimes, avec son fr\u00e8re, <a href=\"https:\/\/www.foot-national.com\/equipe-de-france\/justice-wissam-ben-yedder-et-son-frere-seront-juges-pour-viol-par-la-cour-criminelle-929279\" rel=\"nofollow noopener\" target=\"_blank\">pour viol, tentative de viol et agression sexuelle<\/a> (il a fait appel de cette d\u00e9cision). En septembre 2025, il avait \u00e9t\u00e9 jug\u00e9 coupable en premi\u00e8re instance par le tribunal correctionnel de Nice de <a href=\"https:\/\/www.foot-national.com\/equipe-de-france\/etranger-les-debuts-cauchemardesques-de-wissam-ben-yedder-avec-son-nouveau-club-926091\" rel=\"nofollow noopener\" target=\"_blank\">violences psychologiques sur son \u00e9pouse<\/a>.<\/p>\n<p>Le communiqu\u00e9 du Wydad<\/p>\n<p dir=\"ltr\" lang=\"en\">Welcome Wissam Ben Yedder to the family! \u2764\ufe0f\ud83e\udd0d<a href=\"https:\/\/twitter.com\/hashtag\/DimaWydad?src=hash&amp;ref_src=twsrc%5Etfw\" rel=\"nofollow noopener\" target=\"_blank\">#DimaWydad<\/a> <a href=\"https:\/\/t.co\/CAxt8PL8gO\" rel=\"nofollow\">pic.twitter.com\/CAxt8PL8gO<\/a><\/p>\n<p>\u2014 Wydad Athletic Club (@WACofficiel) <a href=\"https:\/\/twitter.com\/WACofficiel\/status\/2008638981869891744?ref_src=twsrc%5Etfw\" rel=\"nofollow noopener\" target=\"_blank\">January 6, 2026<\/a><\/p>\n<p>Partagez cette info avec vos amis et vos proches en cliquant ici<br \/>Pour r\u00e9sumer<\/p>\n<p>C\u2019\u00e9tait annonc\u00e9, c\u2019est d\u00e9sormais officiel. Ce mardi soir, le Wydad Athletic Club de Casablanca a annonc\u00e9 la signature de Wissam Ben Yedder pour les six prochains mois. L\u2019international fran\u00e7ais d\u00e9barque en provenance de deuxi\u00e8me division turque, o\u00f9 il \u00e9voluait ces quatre derniers mois du c\u00f4t\u00e9 de Sakaryaspor.<\/p>\n<p> <img decoding=\"async\" width=\"76\" height=\"76\" loading=\"lazy\" src=\"https:\/\/static.wui.fr\/images_v3\/avatar-footnational.png\" alt=\"Youcef Ghalaza-Boudra\"\/><script async src=\"https:\/\/platform.twitter.com\/widgets.js\" charset=\"utf-8\"><\/script><\/p>\n","protected":false},"excerpt":{"rendered":"C\u2019\u00e9tait annonc\u00e9, c\u2019est d\u00e9sormais officiel. Ce mardi soir, le Wydad Athletic Club de Casablanca a annonc\u00e9 la signature&hellip;\n","protected":false},"author":2,"featured_media":9079,"comment_status":"","ping_status":"","sticky":false,"template":"","format":"standard","meta":{"footnotes":""},"categories":[41],"tags":[1214,158],"class_list":{"0":"post-9078","1":"post","2":"type-post","3":"status-publish","4":"format-standard","5":"has-post-thumbnail","7":"category-maroc","8":"tag-equipe-de-france","9":"tag-maroc"},"share_on_mastodon":{"url":"","error":""},"_links":{"self":[{"href":"https:\/\/www.europesays.com\/africa\/wp-json\/wp\/v2\/posts\/9078","targetHints":{"allow":["GET"]}}],"collection":[{"href":"https:\/\/www.europesays.com\/africa\/wp-json\/wp\/v2\/posts"}],"about":[{"href":"https:\/\/www.europesays.com\/africa\/wp-json\/wp\/v2\/types\/post"}],"author":[{"embeddable":true,"href":"https:\/\/www.europesays.com\/africa\/wp-json\/wp\/v2\/users\/2"}],"replies":[{"embeddable":true,"href":"https:\/\/www.europesays.com\/africa\/wp-json\/wp\/v2\/comments?post=9078"}],"version-history":[{"count":0,"href":"https:\/\/www.europesays.com\/africa\/wp-json\/wp\/v2\/posts\/9078\/revisions"}],"wp:featuredmedia":[{"embeddable":true,"href":"https:\/\/www.europesays.com\/africa\/wp-json\/wp\/v2\/media\/9079"}],"wp:attachment":[{"href":"https:\/\/www.europesays.com\/africa\/wp-json\/wp\/v2\/media?parent=9078"}],"wp:term":[{"taxonomy":"category","embeddable":true,"href":"https:\/\/www.europesays.com\/africa\/wp-json\/wp\/v2\/categories?post=9078"},{"taxonomy":"post_tag","embeddable":true,"href":"https:\/\/www.europesays.com\/africa\/wp-json\/wp\/v2\/tags?post=9078"}],"curies":[{"name":"wp","href":"https:\/\/api.w.org\/{rel}","templated":true}]}}