{"id":9102,"date":"2026-01-07T10:54:15","date_gmt":"2026-01-07T10:54:15","guid":{"rendered":"https:\/\/www.europesays.com\/africa\/9102\/"},"modified":"2026-01-07T10:54:15","modified_gmt":"2026-01-07T10:54:15","slug":"chute-mortelle-chez-son-ex-dispute-ce-que-revele-lautopsie-sur-mame-youma-fall-58-ans","status":"publish","type":"post","link":"https:\/\/www.europesays.com\/africa\/9102\/","title":{"rendered":"Chute mortelle chez son ex, dispute&#8230; ce que r\u00e9v\u00e8le l&#8217;autopsie sur Mame Youma Fall (58 ans)"},"content":{"rendered":"<p>Le commissariat d\u2019arrondissement de Pikine a finalis\u00e9 son enqu\u00eate concernant le d\u00e9c\u00e8s de Mame Youma Fall, \u00e2g\u00e9e de 58 ans, survenu dans l\u2019appartement de son ex-petit ami, M. I. Seck, 53 ans, \u00e0 la cit\u00e9 Lobat Fall. Les conclusions de l\u2019autopsie et les investigations polici\u00e8res permettent de retracer les circonstances dramatiques de ce d\u00e9c\u00e8s.            <\/p>\n<p class=\"pread\" style=\"background: #fff6d3;font-size:17px !important;padding:0px 0 16px 0;border:none;font-family:'source-sans-pro' !important;color:#444 !important;\">\n<p>La suite est r\u00e9serv\u00e9e \u00e0 nos abonn\u00e9s.<br \/>D\u00e9j\u00e0 abonn\u00e9 ? <a href=\"https:\/\/www.senenews.com\/login?redirect_to=https:\/\/www.senenews.com\/premium\/enquete-bouclee-chute-mortelle-chez-son-ex-dispute-ce-que-revele-lautopsie-sur-mame-youma-fall-58-ans_571769.html\" style=\"text-decoration: underline !important;font-weight: bold;\" rel=\"nofollow noopener\" target=\"_blank\">Se connecter<\/a><\/p>\n<p>Profitez de 3 mois offerts<br \/>et acc\u00e9dez \u00e0 tous nos contenus<br \/>sans aucune publicit\u00e9<\/p>\n<p style=\"text-align:center;font-size:14px;font-family:'source-sans-pro'\">\n<a href=\"https:\/\/www.senenews.com\/rejoignez-senenews-premium-pour-soutenir-une-redaction-libre-et-independante\" style=\"text-decoration:none!important;border-bottom:1px solid\" rel=\"nofollow noopener\" target=\"_blank\">Pourquoi vous devez soutenir l\u2019initiative Senenews Premium?<\/a><\/p>\n","protected":false},"excerpt":{"rendered":"Le commissariat d\u2019arrondissement de Pikine a finalis\u00e9 son enqu\u00eate concernant le d\u00e9c\u00e8s de Mame Youma Fall, \u00e2g\u00e9e de&hellip;\n","protected":false},"author":2,"featured_media":9103,"comment_status":"","ping_status":"","sticky":false,"template":"","format":"standard","meta":{"footnotes":""},"categories":[48],"tags":[2100,161,3473,159,163,239],"class_list":{"0":"post-9102","1":"post","2":"type-post","3":"status-publish","4":"format-standard","5":"has-post-thumbnail","7":"category-senegal","8":"tag-a-la-une-notification","9":"tag-articles-premium","10":"tag-mame-youma-fall","11":"tag-senegal","12":"tag-senegal-actualites","13":"tag-societe"},"share_on_mastodon":{"url":"","error":""},"_links":{"self":[{"href":"https:\/\/www.europesays.com\/africa\/wp-json\/wp\/v2\/posts\/9102","targetHints":{"allow":["GET"]}}],"collection":[{"href":"https:\/\/www.europesays.com\/africa\/wp-json\/wp\/v2\/posts"}],"about":[{"href":"https:\/\/www.europesays.com\/africa\/wp-json\/wp\/v2\/types\/post"}],"author":[{"embeddable":true,"href":"https:\/\/www.europesays.com\/africa\/wp-json\/wp\/v2\/users\/2"}],"replies":[{"embeddable":true,"href":"https:\/\/www.europesays.com\/africa\/wp-json\/wp\/v2\/comments?post=9102"}],"version-history":[{"count":0,"href":"https:\/\/www.europesays.com\/africa\/wp-json\/wp\/v2\/posts\/9102\/revisions"}],"wp:featuredmedia":[{"embeddable":true,"href":"https:\/\/www.europesays.com\/africa\/wp-json\/wp\/v2\/media\/9103"}],"wp:attachment":[{"href":"https:\/\/www.europesays.com\/africa\/wp-json\/wp\/v2\/media?parent=9102"}],"wp:term":[{"taxonomy":"category","embeddable":true,"href":"https:\/\/www.europesays.com\/africa\/wp-json\/wp\/v2\/categories?post=9102"},{"taxonomy":"post_tag","embeddable":true,"href":"https:\/\/www.europesays.com\/africa\/wp-json\/wp\/v2\/tags?post=9102"}],"curies":[{"name":"wp","href":"https:\/\/api.w.org\/{rel}","templated":true}]}}