{"id":916,"date":"2026-01-03T18:23:07","date_gmt":"2026-01-03T18:23:07","guid":{"rendered":"https:\/\/www.europesays.com\/africa\/916\/"},"modified":"2026-01-03T18:23:07","modified_gmt":"2026-01-03T18:23:07","slug":"can-2025-hamidi-adjoint-de-desabre-lalgerie-capable-du-meilleur-comme-du-pire","status":"publish","type":"post","link":"https:\/\/www.europesays.com\/africa\/916\/","title":{"rendered":"CAN 2025 &#8211; Hamidi (adjoint de Desabre) : \u00ab L&#8217;Alg\u00e9rie capable du meilleur comme du pire \u00bb"},"content":{"rendered":"<p style=\"text-align: justify;\" data-start=\"94\" data-end=\"510\">\u00c0 l\u2019approche du choc tr\u00e8s attendu face \u00e0 l\u2019Alg\u00e9rie, comptant pour les huiti\u00e8mes de finale de la CAN 2025, Rafael Hamidi, adjoint du s\u00e9lectionneur de la RD Congo S\u00e9bastien Desabre, s\u2019est exprim\u00e9 sur cette confrontation prometteuse. Pour le technicien congolais, ce duel entre deux grandes nations africaines s\u2019annonce avant tout comme \u00ab un grand match \u00bb, \u00e0 la hauteur de l\u2019histoire et du prestige des deux s\u00e9lections.<\/p>\n<p style=\"text-align: justify;\" data-start=\"512\" data-end=\"908\">N\u00e9 en France d\u2019un p\u00e8re alg\u00e9rien et d\u2019une m\u00e8re espagnole, Rafael Hamidi conna\u00eet parfaitement le football alg\u00e9rien. \u00c0 l\u2019image de S\u00e9bastien Desabre, il a d\u2019ailleurs laiss\u00e9 son empreinte en Alg\u00e9rie lors de son passage \u00e0 la JS Saoura, o\u00f9 il avait occup\u00e9 le poste de directeur technique durant une saison.<\/p>\n<p style=\"text-align: justify;\" data-start=\"910\" data-end=\"1366\">Adjoint de la RD Congo depuis ao\u00fbt 2022, Hamidi n\u2019a pas cach\u00e9 son respect pour la s\u00e9lection alg\u00e9rienne, tout en soulignant son caract\u00e8re parfois impr\u00e9visible. \u00ab L\u2019Alg\u00e9rie reste une grande s\u00e9lection, championne d\u2019Afrique en 2019, capable du meilleur comme du pire. Malgr\u00e9 ses derni\u00e8res CAN difficiles, elle poss\u00e8de un \u00e9norme potentiel. \u00bb<\/p>\n<p style=\"text-align: justify;\" data-start=\"1368\" data-end=\"1776\">Il est \u00e9galement revenu sur la physionomie attendue de la rencontre pr\u00e9vue le mardi 6 janvier, mettant en avant l\u2019intensit\u00e9 et l\u2019enjeu sportif. \u00ab Ce sera un grand match africain entre deux \u00e9quipes avec de l\u2019histoire, au stade Moulay Hassan, un stade qui nous r\u00e9ussit bien. Je pr\u00e9f\u00e8re affronter une Alg\u00e9rie en pleine forme plut\u00f4t qu\u2019une \u00e9quipe en difficult\u00e9, car ce sont ces matchs-l\u00e0 qui \u00e9l\u00e8vent le niveau. \u00bb<\/p>\n<p>Une dynamique positive c\u00f4t\u00e9 congolais<\/p>\n<p style=\"text-align: justify;\" data-start=\"1821\" data-end=\"2262\">Depuis leur prise de fonction \u00e0 la t\u00eate de la s\u00e9lection congolaise, S\u00e9bastien Desabre et Rafael Hamidi ont b\u00e2ti un projet solide et coh\u00e9rent. En un peu plus de trois ans, les L\u00e9opards ont retrouv\u00e9 une place de choix sur la sc\u00e8ne continentale. Quatri\u00e8mes lors de la derni\u00e8re CAN disput\u00e9e en C\u00f4te d\u2019Ivoire, ils ont \u00e9galement termin\u00e9 deuxi\u00e8mes de leur groupe dans les \u00e9liminatoires de la Coupe du monde 2026, \u00e0 seulement deux points du S\u00e9n\u00e9gal.<\/p>\n<p style=\"text-align: justify;\" data-start=\"2264\" data-end=\"2650\" data-is-last-node=\"\" data-is-only-node=\"\">Cette progression s\u2019est confirm\u00e9e lors des barrages africains, o\u00f9 la RD Congo a successivement \u00e9limin\u00e9 le Cameroun puis le Nigeria, se qualifiant ainsi des barrages mondiaux de la FIFA. D\u00e9sormais \u00e0 un match d\u2019un nouvel exploit, les L\u00e9opards tenteront de confirmer leur statut face \u00e0 une Alg\u00e9rie revancharde, d\u00e9termin\u00e9e \u00e0 signer un retour fracassant sur le devant de la sc\u00e8ne africaine.<\/p>\n<p>LIRE EGALEMENT : <a href=\"https:\/\/lagazettedufennec.com\/algerie-rd-congo-j-4-can-2025-debut-de-la-preparation-pour-le-huitieme-video\/\" rel=\"nofollow noopener\" target=\"_blank\">Alg\u00e9rie-RD Congo (J-4) \/ CAN 2025 : D\u00e9but de la pr\u00e9paration pour le huiti\u00e8me (Vid\u00e9o)<\/a><\/p>\n","protected":false},"excerpt":{"rendered":"\u00c0 l\u2019approche du choc tr\u00e8s attendu face \u00e0 l\u2019Alg\u00e9rie, comptant pour les huiti\u00e8mes de finale de la CAN&hellip;\n","protected":false},"author":2,"featured_media":917,"comment_status":"","ping_status":"","sticky":false,"template":"","format":"standard","meta":{"footnotes":""},"categories":[254],"tags":[255,256,314,505,506,508,1197,1198,1199,1200,510,512],"class_list":{"0":"post-916","1":"post","2":"type-post","3":"status-publish","4":"format-standard","5":"has-post-thumbnail","7":"category-algerie","8":"tag-algerie","9":"tag-algu00e9rie-can","10":"tag-algu00e9rie-can-2025","11":"tag-algu00e9rie-rd-congo","12":"tag-desabre-algu00e9rie","13":"tag-desabre-can","14":"tag-hamidi","15":"tag-hamidi-algu00e9rie-rd-congo","16":"tag-rafael-hamidi","17":"tag-raphael-hamidi-rd-congo","18":"tag-su00e9bastien-desabre-algu00e9rie","19":"tag-su00e9bastien-desabre-rd-congo"},"share_on_mastodon":{"url":"","error":""},"_links":{"self":[{"href":"https:\/\/www.europesays.com\/africa\/wp-json\/wp\/v2\/posts\/916","targetHints":{"allow":["GET"]}}],"collection":[{"href":"https:\/\/www.europesays.com\/africa\/wp-json\/wp\/v2\/posts"}],"about":[{"href":"https:\/\/www.europesays.com\/africa\/wp-json\/wp\/v2\/types\/post"}],"author":[{"embeddable":true,"href":"https:\/\/www.europesays.com\/africa\/wp-json\/wp\/v2\/users\/2"}],"replies":[{"embeddable":true,"href":"https:\/\/www.europesays.com\/africa\/wp-json\/wp\/v2\/comments?post=916"}],"version-history":[{"count":0,"href":"https:\/\/www.europesays.com\/africa\/wp-json\/wp\/v2\/posts\/916\/revisions"}],"wp:featuredmedia":[{"embeddable":true,"href":"https:\/\/www.europesays.com\/africa\/wp-json\/wp\/v2\/media\/917"}],"wp:attachment":[{"href":"https:\/\/www.europesays.com\/africa\/wp-json\/wp\/v2\/media?parent=916"}],"wp:term":[{"taxonomy":"category","embeddable":true,"href":"https:\/\/www.europesays.com\/africa\/wp-json\/wp\/v2\/categories?post=916"},{"taxonomy":"post_tag","embeddable":true,"href":"https:\/\/www.europesays.com\/africa\/wp-json\/wp\/v2\/tags?post=916"}],"curies":[{"name":"wp","href":"https:\/\/api.w.org\/{rel}","templated":true}]}}