{"id":920,"date":"2026-01-03T18:25:08","date_gmt":"2026-01-03T18:25:08","guid":{"rendered":"https:\/\/www.europesays.com\/africa\/920\/"},"modified":"2026-01-03T18:25:08","modified_gmt":"2026-01-03T18:25:08","slug":"can-2025-maroc-on-oublie-les-petits-fours-le-coup-de-pression-de-regragui-aux-supporters","status":"publish","type":"post","link":"https:\/\/www.europesays.com\/africa\/920\/","title":{"rendered":"CAN 2025 &#8211; Maroc : &#8220;On oublie les petits fours&#8221;, le coup de pression de Regragui aux supporters"},"content":{"rendered":"<p class=\"p1\">La CAN du peuple, pas celle des petits fours et des VIP ! En substance, tel \u00e9tait le discours de Walid Regragui, le s\u00e9lectionneur du Maroc, avant le d\u00e9but de la Coupe d&#8217;Afrique des Nations. Face aux m\u00e9dias, le patron des Lions de l&#8217;Atlas avait lanc\u00e9 un grand appel aux supporters pour mettre un maximum d&#8217;ambiance.<\/p>\n<p class=\"p1\">Et s&#8217;il avait visiblement \u00e9t\u00e9 d\u00e9\u00e7u par cela lors des deux premiers matchs de la phase de poules contre les Comores et le Mali, il a \u00e9t\u00e9 rassur\u00e9 lors de la derni\u00e8re victoire contre la Zambie. Alors, \u00e0 la veille du 8e de finale contre la Tanzanie au Stade Prince Moulay Abdellah, il a f\u00e9licit\u00e9 les fans, tout en appelant encore \u00e0 la mobilisation.<\/p>\n<p>\u00c0 lire aussi&#8221;Contre la Tanzanie, on oublie les petits fours&#8221;<\/p>\n<p class=\"p1\">&#8220;Juste un message pour le public. Aux deux premiers matches, je m\u2019\u00e9tais un peu plaint. Au troisi\u00e8me match, ils ont r\u00e9pondu pr\u00e9sents et les joueurs l\u2019ont ressenti. Ils m\u2019ont dit de vous faire passer ce message. Donc merci et comme j\u2019ai dit, contre la Tanzanie, on oublie les petits fours et on revient dans les tribunes d\u00e8s la 45e (rires)&#8221;, a-t-il lanc\u00e9, dans des propos rapport\u00e9s par le journaliste Hanif Berkane.<\/p>\n<p class=\"p1\">Il a ensuite tenu \u00e0 calmer tout le monde concernant le pseudo statut de favori des Marocains : &#8220;C\u2019est la CAN de l\u2019humilit\u00e9, c\u2019est ce que je dis au vestiaire. On entend qu\u2019on est le grand favori, qu\u2019on doit gagner facilement sinon c\u2019est un \u00e9chec. Notre travail c\u2019est de garder les pieds sur terre et se rappeler du pourquoi on ne l\u2019a pas gagn\u00e9 depuis 50 ans. On ne l\u2019a pas gagn\u00e9, car on a manqu\u00e9 d\u2019humilit\u00e9 \u00e0 certains moments. On va respecter la Tanzanie&#8221;. Le message a le m\u00e9rite d&#8217;\u00eatre clair.<\/p>\n<p>   Partagez cette info avec vos amis et vos proches en cliquant ici<br \/> Pour r\u00e9sumer<\/p>\n<p>Walid Regragui, s\u00e9lectionneur du Maroc, appelle les supporters \u00e0 remplir les tribunes pour le 8e de finale contre la Tanzanie, apr\u00e8s leur mobilisation tardive en phase de poules. Il pr\u00f4ne l\u2019humilit\u00e9, rappelant que le Maroc n\u2019a plus gagn\u00e9 la CAN depuis 50 ans.<\/p>\n<p>R\u00e9dacteur<\/p>\n<p><img decoding=\"async\" width=\"76\" height=\"76\" loading=\"lazy\" src=\"https:\/\/www.europesays.com\/africa\/wp-content\/uploads\/2026\/01\/logo-antoine-chirat.jpg\" alt=\"Antoine Chirat\"\/><\/p>\n","protected":false},"excerpt":{"rendered":"La CAN du peuple, pas celle des petits fours et des VIP ! En substance, tel \u00e9tait le&hellip;\n","protected":false},"author":2,"featured_media":921,"comment_status":"","ping_status":"","sticky":false,"template":"","format":"standard","meta":{"footnotes":""},"categories":[41],"tags":[360,158],"class_list":{"0":"post-920","1":"post","2":"type-post","3":"status-publish","4":"format-standard","5":"has-post-thumbnail","7":"category-maroc","8":"tag-can","9":"tag-maroc"},"share_on_mastodon":{"url":"","error":""},"_links":{"self":[{"href":"https:\/\/www.europesays.com\/africa\/wp-json\/wp\/v2\/posts\/920","targetHints":{"allow":["GET"]}}],"collection":[{"href":"https:\/\/www.europesays.com\/africa\/wp-json\/wp\/v2\/posts"}],"about":[{"href":"https:\/\/www.europesays.com\/africa\/wp-json\/wp\/v2\/types\/post"}],"author":[{"embeddable":true,"href":"https:\/\/www.europesays.com\/africa\/wp-json\/wp\/v2\/users\/2"}],"replies":[{"embeddable":true,"href":"https:\/\/www.europesays.com\/africa\/wp-json\/wp\/v2\/comments?post=920"}],"version-history":[{"count":0,"href":"https:\/\/www.europesays.com\/africa\/wp-json\/wp\/v2\/posts\/920\/revisions"}],"wp:featuredmedia":[{"embeddable":true,"href":"https:\/\/www.europesays.com\/africa\/wp-json\/wp\/v2\/media\/921"}],"wp:attachment":[{"href":"https:\/\/www.europesays.com\/africa\/wp-json\/wp\/v2\/media?parent=920"}],"wp:term":[{"taxonomy":"category","embeddable":true,"href":"https:\/\/www.europesays.com\/africa\/wp-json\/wp\/v2\/categories?post=920"},{"taxonomy":"post_tag","embeddable":true,"href":"https:\/\/www.europesays.com\/africa\/wp-json\/wp\/v2\/tags?post=920"}],"curies":[{"name":"wp","href":"https:\/\/api.w.org\/{rel}","templated":true}]}}