{"id":9243,"date":"2026-01-07T12:25:06","date_gmt":"2026-01-07T12:25:06","guid":{"rendered":"https:\/\/www.europesays.com\/africa\/9243\/"},"modified":"2026-01-07T12:25:06","modified_gmt":"2026-01-07T12:25:06","slug":"luniversite-du-chili-decerne-sa-medaille-rectorale-a-lambassadeure-du-maroc-kenza-el-ghali","status":"publish","type":"post","link":"https:\/\/www.europesays.com\/africa\/9243\/","title":{"rendered":"L\u2019Universit\u00e9 du Chili d\u00e9cerne sa M\u00e9daille rectorale \u00e0 l\u2019ambassadeure du Maroc Kenza El Ghali"},"content":{"rendered":"<p>\t\t\tL\u2019Universit\u00e9 du Chili a d\u00e9cern\u00e9 sa M\u00e9daille rectorale \u00e0 l\u2019ambassadeur du Maroc \u00e0 Santiago, Mme Kenza El Ghali, en reconnaissance de son parcours acad\u00e9mique, diplomatique et politique et de sa contribution au renforcement des relations entre le Royaume et le Chili.<\/p>\n<p style=\"text-align: justify;\">La c\u00e9r\u00e9monie, organis\u00e9e mardi \u00e0 la Facult\u00e9 d\u2019\u00e9conomie de l\u2019Universit\u00e9 du Chili, s\u2019est d\u00e9roul\u00e9e en pr\u00e9sence de 250 personnalit\u00e9s issues des sph\u00e8res politique, \u00e9conomique, culturelle, acad\u00e9mique et diplomatique, dont l\u2019ancien pr\u00e9sident chilien, M. Eduardo Frei Ruiz-Tagle, illustrant le rayonnement et l\u2019estime dont jouit la diplomatie marocaine au Chili.<\/p>\n<p style=\"text-align: justify;\">A cette occasion, le s\u00e9nateur Francisco Chahuan, charg\u00e9 de pr\u00e9senter la r\u00e9cipiendaire de la M\u00e9daille, a mis en exergue le parcours acad\u00e9mique d\u2019excellence de Mme Kenza El Ghali, son engagement politique en tant que d\u00e9put\u00e9e et vice-maire de la ville de F\u00e8s et sa carri\u00e8re de professeure universitaire, ainsi que son action comme d\u00e9fenseure des droits des femmes.<\/p>\n<p style=\"text-align: justify;\">Il a \u00e9galement soulign\u00e9 son r\u00f4le actif dans la sph\u00e8re parlementaire en Am\u00e9rique du sud et sa contribution \u00e0 la construction de passerelles de coop\u00e9ration entre l\u2019Am\u00e9rique latine et le Maroc, rappelant l\u2019organisation, pour la premi\u00e8re fois, du Congr\u00e8s du Futur dans un pays situ\u00e9 hors de l\u2019Am\u00e9rique latine, \u00e9v\u00e9nement d\u2019envergure internationale tenu au Maroc en d\u00e9cembre 2024.<\/p>\n<p style=\"text-align: justify;\">C\u2019est dans ce contexte de rapprochement politique et institutionnel renforc\u00e9 que le Chili s\u2019est prononc\u00e9 de mani\u00e8re positive sur la question du Sahara marocain, exprimant son appui au Plan d\u2019autonomie propos\u00e9 par le Maroc, en tant que solution s\u00e9rieuse, cr\u00e9dible et r\u00e9aliste \u00e0 ce diff\u00e9rend r\u00e9gional.<\/p>\n<p style=\"text-align: justify;\">Lire aussi :\u00a0<a style=\"color: #008000;\" href=\"https:\/\/maroc-diplomatique.net\/kenza-el-ghali-ambassadeure-du-maroc-au-chili-la-diplomatie-du-coeur-est-celle\/\" rel=\"nofollow noopener\" target=\"_blank\">Kenza El Ghali, Ambassadeure du Maroc au Chili : \u00ab La diplomatie du c\u0153ur est celle qui rapproche les peuples \u00bb<\/a><\/p>\n<p style=\"text-align: justify;\">De son c\u00f4t\u00e9, Mme Kenza El Ghali a exprim\u00e9 sa profonde gratitude pour cette distinction, affirmant que cette d\u00e9coration constitue pour elle \u00ab une fiert\u00e9 en tant qu\u2019Ambassadeur de Sa Majest\u00e9 le Roi et en tant que repr\u00e9sentante de la femme marocaine \u00bb.<\/p>\n<p style=\"text-align: justify;\">Elle a rappel\u00e9 dans ce contexte l\u2019importance accord\u00e9e par le Souverain \u00e0 la promotion de la femme et \u00e0 son acc\u00e8s aux responsabilit\u00e9s politiques et aux postes de d\u00e9cision.<\/p>\n<p style=\"text-align: justify;\">Mme Kenza El Ghali a soulign\u00e9 que \u00ab la diplomatie est l\u2019art du vivre-ensemble, elle est aussi l\u2019art du rapprochement et de la compr\u00e9hension mutuelle (\u2026), car en nous rapprochant et en dialoguant avec bienveillance, nous pouvons transformer les barri\u00e8res et les fronti\u00e8res en espaces de d\u00e9veloppement \u00bb.<\/p>\n<p style=\"text-align: justify;\">Prenant la parole \u00e0 son tour, la rectrice de l\u2019Universit\u00e9 du Chili, Mme Rosa Dev\u00e9s Alessandri, a soulign\u00e9 que Mme Kenza El Ghali incarne un engagement constant en faveur du dialogue entre les peuples et de la dignit\u00e9 humaine.<\/p>\n<p style=\"text-align: justify;\">La rectrice a \u00e9galement indiqu\u00e9 que cette c\u00e9r\u00e9monie met en relief le lien singulier et profond unissant l\u2019Ambassadeur \u00e0 Gabriela Mistral, figure majeure de la culture chilienne et r\u00e9f\u00e9rence universelle de la pens\u00e9e po\u00e9tique, \u00e9ducative et \u00e9thique, \u00e9troitement li\u00e9e \u00e0 l\u2019histoire de l\u2019Universit\u00e9 du Chili.<\/p>\n<p style=\"text-align: justify;\">Elle a rappel\u00e9 que, d\u00e8s son arriv\u00e9e au Chili, la diplomate marocaine a entrepris la traduction en langue arabe de grandes \u0153uvres de la po\u00e9sie chilienne, notamment celles des Prix Nobel de litt\u00e9rature Pablo Neruda et Gabriela Mistral.<\/p>\n<p style=\"text-align: justify;\">Outre l\u2019ancien pr\u00e9sident Eduardo Frei, ont \u00e9t\u00e9 pr\u00e9sents \u00e0 la c\u00e9r\u00e9monie notamment la ministre de la Culture, Mme Carolina Arredondo Marzan, la ministre des travaux publics, Mme Jessica Lopez Saffie, la ministre de la sant\u00e9, Mme Ximena Aguilera, le ministre des sports, M. Jaime Pizarro, l\u2019ancienne ministre des Relations ext\u00e9rieures, Mme Antonia Urrejola, le maire de Coquimbo, M. Ali Manouchehri, ainsi que le directeur g\u00e9n\u00e9ral des Carabiniers du Chili, M. Marcelo Araya.<\/p>\n<p style=\"text-align: justify;\">Avec MAP<\/p>\n","protected":false},"excerpt":{"rendered":"L\u2019Universit\u00e9 du Chili a d\u00e9cern\u00e9 sa M\u00e9daille rectorale \u00e0 l\u2019ambassadeur du Maroc \u00e0 Santiago, Mme Kenza El Ghali,&hellip;\n","protected":false},"author":2,"featured_media":9244,"comment_status":"","ping_status":"","sticky":false,"template":"","format":"standard","meta":{"footnotes":""},"categories":[41],"tags":[6423,6424,158,6425,4053],"class_list":{"0":"post-9243","1":"post","2":"type-post","3":"status-publish","4":"format-standard","5":"has-post-thumbnail","7":"category-maroc","8":"tag-chili","9":"tag-kenza-el-ghali","10":"tag-maroc","11":"tag-medaille","12":"tag-sahara-marocain"},"share_on_mastodon":{"url":"","error":""},"_links":{"self":[{"href":"https:\/\/www.europesays.com\/africa\/wp-json\/wp\/v2\/posts\/9243","targetHints":{"allow":["GET"]}}],"collection":[{"href":"https:\/\/www.europesays.com\/africa\/wp-json\/wp\/v2\/posts"}],"about":[{"href":"https:\/\/www.europesays.com\/africa\/wp-json\/wp\/v2\/types\/post"}],"author":[{"embeddable":true,"href":"https:\/\/www.europesays.com\/africa\/wp-json\/wp\/v2\/users\/2"}],"replies":[{"embeddable":true,"href":"https:\/\/www.europesays.com\/africa\/wp-json\/wp\/v2\/comments?post=9243"}],"version-history":[{"count":0,"href":"https:\/\/www.europesays.com\/africa\/wp-json\/wp\/v2\/posts\/9243\/revisions"}],"wp:featuredmedia":[{"embeddable":true,"href":"https:\/\/www.europesays.com\/africa\/wp-json\/wp\/v2\/media\/9244"}],"wp:attachment":[{"href":"https:\/\/www.europesays.com\/africa\/wp-json\/wp\/v2\/media?parent=9243"}],"wp:term":[{"taxonomy":"category","embeddable":true,"href":"https:\/\/www.europesays.com\/africa\/wp-json\/wp\/v2\/categories?post=9243"},{"taxonomy":"post_tag","embeddable":true,"href":"https:\/\/www.europesays.com\/africa\/wp-json\/wp\/v2\/tags?post=9243"}],"curies":[{"name":"wp","href":"https:\/\/api.w.org\/{rel}","templated":true}]}}