{"id":9260,"date":"2026-01-07T12:36:35","date_gmt":"2026-01-07T12:36:35","guid":{"rendered":"https:\/\/www.europesays.com\/africa\/9260\/"},"modified":"2026-01-07T12:36:35","modified_gmt":"2026-01-07T12:36:35","slug":"coupe-dafrique-des-nations-restrictions-de-circulation-temporaires-a-lepeule-et-avenue-jean-lebas","status":"publish","type":"post","link":"https:\/\/www.europesays.com\/africa\/9260\/","title":{"rendered":"Coupe d\u2019Afrique des Nations : restrictions de circulation temporaires \u00e0 l\u2019\u00c9peule et avenue Jean-Lebas"},"content":{"rendered":"<p class=\"introduction\">\u00c0 l\u2019occasion de la Coupe d\u2019Afrique des Nations, des regroupements festifs sur la rue de l\u2019Epeule et l\u2019Avenue Jean-Lebas, faisant suite au match qui se tiendra mardi, pourraient avoir lieu. Des mesures temporaires de circulation et de stationnement seront mises en place afin d\u2019assurer la s\u00e9curit\u00e9 et le bon d\u00e9roulement de l\u2019\u00e9v\u00e9nement.<\/p>\n<p>Des rues ferm\u00e9es ou partiellement accessibles \u00e0 l\u2019\u00c9peule<\/p>\n<p>Dans le quartier de l\u2019\u00c9peule, plusieurs axes feront l\u2019objet de restrictions :<\/p>\n<p>Certaines rues seront totalement ferm\u00e9es \u00e0 la circulation, de mardi \u00e0 partir de 18h jusqu\u2019au mercredi 13h.D\u2019autres voies resteront partiellement accessibles sur ce m\u00eame cr\u00e9neau horaire, avec une circulation r\u00e9gul\u00e9e.Enfin, des fermetures ponctuelles sont pr\u00e9vues mardi de 19h \u00e0 minuit sur plusieurs rues du secteur.<\/p>\n<p>Une signalisation sp\u00e9cifique sera install\u00e9e afin de guider les automobilistes et riverains durant toute la dur\u00e9e des restrictions.<\/p>\n<p>Avenue Jean-Lebas : fermeture s\u00e9curis\u00e9e<\/p>\n<p>L\u2019avenue Jean-Lebas est \u00e9galement concern\u00e9e par le dispositif. Une fermeture compl\u00e8te par blocs de b\u00e9ton y sera mise en place du mardi 18h au mercredi 13h, afin de s\u00e9curiser les abords et de limiter l\u2019acc\u00e8s aux v\u00e9hicules pendant l\u2019\u00e9v\u00e9nement.<\/p>\n<p>Anticiper ses d\u00e9placements<\/p>\n<p>La Ville invite les habitants, commer\u00e7ants et usagers \u00e0 anticiper leurs d\u00e9placements, \u00e0 privil\u00e9gier les itin\u00e9raires de d\u00e9viation et, lorsque cela est possible, les modes de transport alternatifs. Ces mesures, temporaires, visent \u00e0 garantir la s\u00e9curit\u00e9 de tous et le bon d\u00e9roulement des festivit\u00e9s li\u00e9es \u00e0 la Coupe d\u2019Afrique des Nations.<\/p>\n<p>Les services municipaux restent mobilis\u00e9s pour accompagner les riverains et assurer une remise \u00e0 la circulation normale d\u00e8s la fin du dispositif.<\/p>\n","protected":false},"excerpt":{"rendered":"\u00c0 l\u2019occasion de la Coupe d\u2019Afrique des Nations, des regroupements festifs sur la rue de l\u2019Epeule et l\u2019Avenue&hellip;\n","protected":false},"author":2,"featured_media":9261,"comment_status":"","ping_status":"","sticky":false,"template":"","format":"standard","meta":{"footnotes":""},"categories":[62],"tags":[64,4271],"class_list":{"0":"post-9260","1":"post","2":"type-post","3":"status-publish","4":"format-standard","5":"has-post-thumbnail","7":"category-afrique","8":"tag-afrique","9":"tag-circulation"},"share_on_mastodon":{"url":"","error":""},"_links":{"self":[{"href":"https:\/\/www.europesays.com\/africa\/wp-json\/wp\/v2\/posts\/9260","targetHints":{"allow":["GET"]}}],"collection":[{"href":"https:\/\/www.europesays.com\/africa\/wp-json\/wp\/v2\/posts"}],"about":[{"href":"https:\/\/www.europesays.com\/africa\/wp-json\/wp\/v2\/types\/post"}],"author":[{"embeddable":true,"href":"https:\/\/www.europesays.com\/africa\/wp-json\/wp\/v2\/users\/2"}],"replies":[{"embeddable":true,"href":"https:\/\/www.europesays.com\/africa\/wp-json\/wp\/v2\/comments?post=9260"}],"version-history":[{"count":0,"href":"https:\/\/www.europesays.com\/africa\/wp-json\/wp\/v2\/posts\/9260\/revisions"}],"wp:featuredmedia":[{"embeddable":true,"href":"https:\/\/www.europesays.com\/africa\/wp-json\/wp\/v2\/media\/9261"}],"wp:attachment":[{"href":"https:\/\/www.europesays.com\/africa\/wp-json\/wp\/v2\/media?parent=9260"}],"wp:term":[{"taxonomy":"category","embeddable":true,"href":"https:\/\/www.europesays.com\/africa\/wp-json\/wp\/v2\/categories?post=9260"},{"taxonomy":"post_tag","embeddable":true,"href":"https:\/\/www.europesays.com\/africa\/wp-json\/wp\/v2\/tags?post=9260"}],"curies":[{"name":"wp","href":"https:\/\/api.w.org\/{rel}","templated":true}]}}