{"id":9332,"date":"2026-01-07T13:23:10","date_gmt":"2026-01-07T13:23:10","guid":{"rendered":"https:\/\/www.europesays.com\/africa\/9332\/"},"modified":"2026-01-07T13:23:10","modified_gmt":"2026-01-07T13:23:10","slug":"cubans-in-zimbabwe-pay-tribute-to-cuban-combatants-fallen-in-venezuela","status":"publish","type":"post","link":"https:\/\/www.europesays.com\/africa\/9332\/","title":{"rendered":"Cubans in Zimbabwe pay tribute to Cuban combatants fallen in Venezuela"},"content":{"rendered":"<p>\t\t\t\t\t\t\t\t&#13;<\/p>\n<p><img loading=\"lazy\" decoding=\"async\" src=\"https:\/\/www.europesays.com\/africa\/wp-content\/uploads\/2026\/01\/0106-zimbabue2.jpg\" alt=\"\" width=\"840\" height=\"470\"\/><\/p>\n<p>HAVANA, Cuba, January 6 (ACN) The Cuban State Mission in Zimbabwe paid today a heartfelt tribute of honor and glory to the 32 Cuban combatants who confronted the United States military aggression against Venezuela in the early hours of last Saturday.<\/p>\n<p>The tribute took place on the street and at the monument named after the historical leader of the Cuban Revolution, Commander-in-Chief Fidel Castro Ruz, in Harare, the capital of the African nation, where diplomats and members of the Medical Brigade praised the bravery of their compatriots who fell in the line of duty.<\/p>\n<p>Ambassador Susellys P\u00e9rez Mesa reiterated the condemnation of the aggression against Venezuela, which she described as illegal and a violation of the Charter of the United Nations and International Law, and stressed the need to preserve international and regional peace.<\/p>\n<p>P\u00e9rez Mesa emphasized that Washington is attempting to reimpose the Monroe Doctrine through military force and reaffirmed the Mission&#8217;s commitment to the Homeland, inspired by the legacy of the heroes and martyrs of the Revolution.<\/p>\n<p>Following the reading of the Revolutionary Government&#8217;s statement by Minister-Counselor Luis Enrique Gonz\u00e1lez Acosta and a minute of silence, Dr. Mar\u00eda Eugenia Garc\u00eda, head of the Medical Brigade, ratified the health contingent&#8217;s readiness to fulfill its responsibilities in Zimbabwe and wherever the Revolution requires.<\/p>\n<p>Garc\u00eda maintained that the attack on Venezuela also constitutes an aggression against Latin America and Humanity, and called for preventing the defilement of the peace achieved by the people.<\/p>\n<p>The 32 combatants were carrying out missions representing the Revolutionary Armed Forces and the Ministry of the Interior, at the request of their Venezuelan counterparts.<\/p>\n<p>The ceremony concluded with all members of the State Mission signing the Commitment to the Homeland, as a demonstration of continuity and support for Cuba&#8217;s foreign policy.<\/p>\n","protected":false},"excerpt":{"rendered":"&#13; HAVANA, Cuba, January 6 (ACN) The Cuban State Mission in Zimbabwe paid today a heartfelt tribute of&hellip;\n","protected":false},"author":2,"featured_media":9333,"comment_status":"","ping_status":"","sticky":false,"template":"","format":"standard","meta":{"footnotes":""},"categories":[60],"tags":[6495,106],"class_list":{"0":"post-9332","1":"post","2":"type-post","3":"status-publish","4":"format-standard","5":"has-post-thumbnail","7":"category-zimbabwe","8":"tag-cubans-in-zimbabwe-pay-tribute-to-cuban-combatants-fallen-in-venezuela","9":"tag-zimbabwe"},"share_on_mastodon":{"url":"","error":""},"_links":{"self":[{"href":"https:\/\/www.europesays.com\/africa\/wp-json\/wp\/v2\/posts\/9332","targetHints":{"allow":["GET"]}}],"collection":[{"href":"https:\/\/www.europesays.com\/africa\/wp-json\/wp\/v2\/posts"}],"about":[{"href":"https:\/\/www.europesays.com\/africa\/wp-json\/wp\/v2\/types\/post"}],"author":[{"embeddable":true,"href":"https:\/\/www.europesays.com\/africa\/wp-json\/wp\/v2\/users\/2"}],"replies":[{"embeddable":true,"href":"https:\/\/www.europesays.com\/africa\/wp-json\/wp\/v2\/comments?post=9332"}],"version-history":[{"count":0,"href":"https:\/\/www.europesays.com\/africa\/wp-json\/wp\/v2\/posts\/9332\/revisions"}],"wp:featuredmedia":[{"embeddable":true,"href":"https:\/\/www.europesays.com\/africa\/wp-json\/wp\/v2\/media\/9333"}],"wp:attachment":[{"href":"https:\/\/www.europesays.com\/africa\/wp-json\/wp\/v2\/media?parent=9332"}],"wp:term":[{"taxonomy":"category","embeddable":true,"href":"https:\/\/www.europesays.com\/africa\/wp-json\/wp\/v2\/categories?post=9332"},{"taxonomy":"post_tag","embeddable":true,"href":"https:\/\/www.europesays.com\/africa\/wp-json\/wp\/v2\/tags?post=9332"}],"curies":[{"name":"wp","href":"https:\/\/api.w.org\/{rel}","templated":true}]}}