{"id":9401,"date":"2026-01-07T14:06:07","date_gmt":"2026-01-07T14:06:07","guid":{"rendered":"https:\/\/www.europesays.com\/africa\/9401\/"},"modified":"2026-01-07T14:06:07","modified_gmt":"2026-01-07T14:06:07","slug":"royal-air-maroc-annonce-des-perturbations-sur-ses-vols","status":"publish","type":"post","link":"https:\/\/www.europesays.com\/africa\/9401\/","title":{"rendered":"Royal Air Maroc annonce des \u00ab perturbations \u00bb sur ses vols"},"content":{"rendered":"<p style=\"font-weight: 400;\">En raison des fortes chutes de neige enregistr\u00e9es depuis le d\u00e9but de cette semaine dans plusieurs pays europ\u00e9ens, notamment en France, la\u00a0<a href=\"https:\/\/www.visa-algerie.com\/royal-air-maroc-un-jeune-pilote-licencie-apres-une-publication-sur-instagram\/\" rel=\"nofollow noopener\" target=\"_blank\">Royal Air Maroc<\/a>\u00a0annonce que son programme va conna\u00eetre des perturbations.<\/p>\n<p style=\"font-weight: 400;\">Le nord et l\u2019Ouest de la France sont les r\u00e9gions les plus touch\u00e9es par la neige et le verglas, indiquent les services m\u00e9t\u00e9orologiques dans l\u2019Hexagone qui parlent d\u2019un \u00ab\u00a0ph\u00e9nom\u00e8ne d\u2019une \u00ab\u00a0ampleur rare dans le climat actuel\u00a0\u00bb.<\/p>\n<p>NOS VIDEOS<\/p>\n<p style=\"font-weight: 400;\">La neige et le verglas causent plusieurs soucis pour le secteur du transport a\u00e9rien. Pistes bloqu\u00e9es par la neige ou impraticables \u00e0 cause du verglas, des situations qui n\u00e9cessitent de la maintenance et engendrent des retards, voire des annulations.<\/p>\n<p>RAM Maroc\u00a0: les voyageurs \u00ab\u00a0peuvent s\u2019attendre \u00e0 des retards \u00e9ventuels\u00a0\u00bb<\/p>\n<p style=\"font-weight: 400;\">Dans un communiqu\u00e9 publi\u00e9 sur sa\u00a0page Facebook, la Royal Air Maroc (RAM) indique qu\u2019en raison \u00ab\u00a0des fortes chutes de neige et du gel touchant actuellement plusieurs a\u00e9roports\u00a0\u00bb en France, en Belgique et aux Pays-Bas, des retards peuvent avoir lieu ce 7 janvier 2026.<\/p>\n<p style=\"font-weight: 400;\">Les risques de \u00ab\u00a0perturbations\u00a0\u00bb concernent notamment les vols au d\u00e9part ou \u00e0 destination des a\u00e9roports de Paris Orly, Paris CDG et de Nantes, en France, mais aussi l\u2019a\u00e9roport de Bruxelles en Belgique et celui d\u2019Amsterdam aux Pays-Bas.<\/p>\n<p style=\"font-weight: 400;\">\u00ab\u00a0Les passagers voyageant \u00e0 bord des vols\u00a0<a href=\"https:\/\/www.visa-algerie.com\/europe-maroc-la-ram-lance-un-forfait-prepaye\/\" rel=\"nofollow noopener\" target=\"_blank\">RAM<\/a>\u00a0de et vers ces destinations peuvent s\u2019attendre \u00e0 des retards \u00e9ventuels\u00a0\u00bb, indique la compagnie a\u00e9rienne marocaine qui invite ses passagers \u00e0 \u00ab\u00a0\u00e0 v\u00e9rifier r\u00e9guli\u00e8rement le statut de leur vol et \u00e0 mettre \u00e0 jour leurs coordonn\u00e9es\u00a0\u00bb sur le site web ou via l\u2019application de la RAM.<\/p>\n","protected":false},"excerpt":{"rendered":"En raison des fortes chutes de neige enregistr\u00e9es depuis le d\u00e9but de cette semaine dans plusieurs pays europ\u00e9ens,&hellip;\n","protected":false},"author":2,"featured_media":9402,"comment_status":"","ping_status":"","sticky":false,"template":"","format":"standard","meta":{"footnotes":""},"categories":[41],"tags":[158,2902],"class_list":{"0":"post-9401","1":"post","2":"type-post","3":"status-publish","4":"format-standard","5":"has-post-thumbnail","7":"category-maroc","8":"tag-maroc","9":"tag-royal-air-maroc"},"share_on_mastodon":{"url":"","error":""},"_links":{"self":[{"href":"https:\/\/www.europesays.com\/africa\/wp-json\/wp\/v2\/posts\/9401","targetHints":{"allow":["GET"]}}],"collection":[{"href":"https:\/\/www.europesays.com\/africa\/wp-json\/wp\/v2\/posts"}],"about":[{"href":"https:\/\/www.europesays.com\/africa\/wp-json\/wp\/v2\/types\/post"}],"author":[{"embeddable":true,"href":"https:\/\/www.europesays.com\/africa\/wp-json\/wp\/v2\/users\/2"}],"replies":[{"embeddable":true,"href":"https:\/\/www.europesays.com\/africa\/wp-json\/wp\/v2\/comments?post=9401"}],"version-history":[{"count":0,"href":"https:\/\/www.europesays.com\/africa\/wp-json\/wp\/v2\/posts\/9401\/revisions"}],"wp:featuredmedia":[{"embeddable":true,"href":"https:\/\/www.europesays.com\/africa\/wp-json\/wp\/v2\/media\/9402"}],"wp:attachment":[{"href":"https:\/\/www.europesays.com\/africa\/wp-json\/wp\/v2\/media?parent=9401"}],"wp:term":[{"taxonomy":"category","embeddable":true,"href":"https:\/\/www.europesays.com\/africa\/wp-json\/wp\/v2\/categories?post=9401"},{"taxonomy":"post_tag","embeddable":true,"href":"https:\/\/www.europesays.com\/africa\/wp-json\/wp\/v2\/tags?post=9401"}],"curies":[{"name":"wp","href":"https:\/\/api.w.org\/{rel}","templated":true}]}}